{"id":154,"date":"2012-03-12T23:03:00","date_gmt":"2012-03-12T22:03:00","guid":{"rendered":"http:\/\/www.andoafricando.com\/?p=154"},"modified":"2012-03-12T23:54:01","modified_gmt":"2012-03-12T22:54:01","slug":"djenne","status":"publish","type":"post","link":"https:\/\/www.andoafricando.com\/?p=154","title":{"rendered":"El mercado de Djenn\u00e9"},"content":{"rendered":"<p style=\"text-align: justify;\"><a href=\"http:\/\/www.andoafricando.com\/2012\/03\/12\/djenne\/dsc_0089\/\" rel=\"attachment wp-att-155\"><img loading=\"lazy\" decoding=\"async\" class=\"alignleft size-medium wp-image-155\" title=\"mercado\" src=\"http:\/\/www.andoafricando.com\/wp-content\/uploads\/2012\/03\/DSC_0089-300x200.jpg\" alt=\"djenne\" width=\"300\" height=\"200\" srcset=\"https:\/\/andoafricando.com\/wp-content\/uploads\/2012\/03\/DSC_0089-300x200.jpg 300w, https:\/\/andoafricando.com\/wp-content\/uploads\/2012\/03\/DSC_0089-1024x685.jpg 1024w, https:\/\/andoafricando.com\/wp-content\/uploads\/2012\/03\/DSC_0089-448x300.jpg 448w, https:\/\/andoafricando.com\/wp-content\/uploads\/2012\/03\/DSC_0089.jpg 1936w\" sizes=\"auto, (max-width: 300px) 100vw, 300px\" \/><\/a>Hemos pasado una semana de ruta por Mali, principalmente para visitar el Pa\u00eds Dog\u00f3n. El Pa\u00eds Dog\u00f3n se encuentra a unos quinientos kil\u00f3metros al este de Bamako. Salimos el domingo y el viaje de ida lo hicimos por la v\u00eda m\u00e1s directa parando en Segou que es un pueblo a orillas del r\u00edo N\u00edger muy tranquilo y de gentes amables que pasan el tiempo jugando a petanca y a un juego de cartas dif\u00edcil de aprender. Por el camino vimos infinidad de termiteros, cada cual m\u00e1s grande. Sorprende ver en vivo las construcciones que son capaces de crear las hormigas para sus viviendas. Es una obra de ingenier\u00eda en toda regla, pensada para permitir salidas hacia todos los lados, con ventilaci\u00f3n natural por el sistema de chimenea y considerablemente s\u00f3lidas. No son precisamente montones de tierra que <a href=\"http:\/\/www.andoafricando.com\/2012\/03\/12\/djenne\/img_2792\/\" rel=\"attachment wp-att-156\"><img loading=\"lazy\" decoding=\"async\" class=\"alignright size-medium wp-image-156\" title=\"termiteros\" src=\"http:\/\/www.andoafricando.com\/wp-content\/uploads\/2012\/03\/IMG_2792-300x200.jpg\" alt=\"harmatan\" width=\"300\" height=\"200\" srcset=\"https:\/\/andoafricando.com\/wp-content\/uploads\/2012\/03\/IMG_2792-300x200.jpg 300w, https:\/\/andoafricando.com\/wp-content\/uploads\/2012\/03\/IMG_2792-1024x682.jpg 1024w, https:\/\/andoafricando.com\/wp-content\/uploads\/2012\/03\/IMG_2792-450x300.jpg 450w\" sizes=\"auto, (max-width: 300px) 100vw, 300px\" \/><\/a>se vayan a deshacer con las lluvias.<\/p>\n<p style=\"text-align: justify;\">Al caer la tarde llegamos a Djenn\u00e9 donde hicimos escala para descansar y visitar la ciudad. Djenn\u00e9 es famosa por tener la mezquita m\u00e1s grande del mundo construida en tierra. El edificio es impresionante. Vimos atardecer desde una terraza con vistas a la mezquita en la que tomamos una merecida cerveza. El lunes es d\u00eda de mercado y desde las cuatro o cinco de la ma\u00f1ana empiezan a llegar carros, camiones y otros transportes con sus mercanc\u00edas para vender o para hacer trueque. La fisonom\u00eda de la plaza principal, al lado de la mezquita, <a href=\"http:\/\/www.andoafricando.com\/2012\/03\/12\/djenne\/dsc_0043\/\" rel=\"attachment wp-att-158\"><img loading=\"lazy\" decoding=\"async\" class=\"alignleft size-medium wp-image-158\" title=\"djenne\" src=\"http:\/\/www.andoafricando.com\/wp-content\/uploads\/2012\/03\/DSC_0043-300x200.jpg\" alt=\"mezquita\" width=\"300\" height=\"200\" srcset=\"https:\/\/andoafricando.com\/wp-content\/uploads\/2012\/03\/DSC_0043-300x200.jpg 300w, https:\/\/andoafricando.com\/wp-content\/uploads\/2012\/03\/DSC_0043-1024x685.jpg 1024w, https:\/\/andoafricando.com\/wp-content\/uploads\/2012\/03\/DSC_0043-448x300.jpg 448w, https:\/\/andoafricando.com\/wp-content\/uploads\/2012\/03\/DSC_0043.jpg 1936w\" sizes=\"auto, (max-width: 300px) 100vw, 300px\" \/><\/a>cambia de forma radical en s\u00f3lo unas horas y se llena completamente de productos en venta, mercaderes, ganado, carros, carretas, carretillas, gentes de los pueblos cercanos, ni\u00f1os, algunos visitantes extranjeros, polvo, calor, camisetas del FC Barcelona, frutas, verduras, restos de pescado seco para alimentar al ganado, tornillos, sombreros, artesan\u00edas, comida y muchas cosas m\u00e1s que ser\u00eda imposible seguir enumerando. En general los mercados en Mali vienen a ser siempre algo parecido aunque este es especialmente peculiar.<\/p>\n<p style=\"text-align: justify;\"><a href=\"http:\/\/www.andoafricando.com\/2012\/03\/12\/djenne\/dsc_0058\/\" rel=\"attachment wp-att-159\"><img loading=\"lazy\" decoding=\"async\" class=\"alignleft size-medium wp-image-159\" title=\"djenne\" src=\"http:\/\/www.andoafricando.com\/wp-content\/uploads\/2012\/03\/DSC_0058-300x200.jpg\" alt=\"cerveza\" width=\"300\" height=\"200\" srcset=\"https:\/\/andoafricando.com\/wp-content\/uploads\/2012\/03\/DSC_0058-300x200.jpg 300w, https:\/\/andoafricando.com\/wp-content\/uploads\/2012\/03\/DSC_0058-1024x685.jpg 1024w, https:\/\/andoafricando.com\/wp-content\/uploads\/2012\/03\/DSC_0058-448x300.jpg 448w, https:\/\/andoafricando.com\/wp-content\/uploads\/2012\/03\/DSC_0058.jpg 1936w\" sizes=\"auto, (max-width: 300px) 100vw, 300px\" \/><\/a>A primera hora de la ma\u00f1ana fuimos Ulises y yo a dar un paseo hasta el colegio del pueblo que est\u00e1 a m\u00e1s de un kil\u00f3metro de distancia. El camino hasta el colegio pasa por una zona de cultivos m\u00e1s deprimida que el resto del terreno con lo que se inunda en la \u00e9poca de lluvias\u00a0y entonces los ni\u00f1os y j\u00f3venes tienen que hacer varios kil\u00f3metros a pie para llegar al colegio en esta \u00e9poca del a\u00f1o. Por el camino nos encontramos con Bubacar (un joven estudiante) que nos llev\u00f3 hasta el colegio y nos present\u00f3 a algunos profesores. Ese d\u00eda se cancelaron las clases por alg\u00fan motivo que no llegamos a descubrir; a Bubacar le dijeron algunos compa\u00f1eros que no hab\u00eda clase y que los profesores les hab\u00edan mandado de vuelta a casa.<\/p>\n<p style=\"text-align: justify;\"><a href=\"http:\/\/www.andoafricando.com\/2012\/03\/12\/djenne\/dsc_0121-2\/\" rel=\"attachment wp-att-160\"><img loading=\"lazy\" decoding=\"async\" class=\"alignright size-medium wp-image-160\" title=\"mercado\" src=\"http:\/\/www.andoafricando.com\/wp-content\/uploads\/2012\/03\/DSC_01211-200x300.jpg\" alt=\"djenne\" width=\"200\" height=\"300\" srcset=\"https:\/\/andoafricando.com\/wp-content\/uploads\/2012\/03\/DSC_01211-200x300.jpg 200w, https:\/\/andoafricando.com\/wp-content\/uploads\/2012\/03\/DSC_01211-685x1024.jpg 685w, https:\/\/andoafricando.com\/wp-content\/uploads\/2012\/03\/DSC_01211.jpg 1296w\" sizes=\"auto, (max-width: 200px) 100vw, 200px\" \/><\/a>A la vuelta nos paramos en la zona de cultivos donde una se\u00f1ora nos coment\u00f3 la situaci\u00f3n de los campos y nos indic\u00f3 d\u00f3nde pod\u00edamos beber agua. Yo no ten\u00eda sed pero Ulises se tomo unos sorbos del agua del pozo m\u00e1s cercano. Algunos carros estaban esperando a la puerta del cercado de los cultivos para llevar mercanc\u00eda al centro. Otros carros ven\u00edan de camino de los pueblos cercanos y con ellos entramos de nuevo en la ciudad para buscar al resto del grupo. Tomamos un buen desayuno en el puesto de unas se\u00f1oras que vend\u00edan patatas fritas y algo parecido a la yuca acompa\u00f1ado de un caf\u00e9 que preparamos nosotros mismos y alguna cosa m\u00e1s que llev\u00e1bamos como provisiones. Dimos una vuelta por el mercado donde Ana Berta hizo unas fotos bastante chulas de las que hemos seleccionado algunas e Ismael sac\u00f3 fotos de un mont\u00f3n de puertas, ventanas y alg\u00fan \u00e1rbol.<\/p>\n<p style=\"text-align: justify;\"><a href=\"http:\/\/www.andoafricando.com\/2012\/03\/12\/djenne\/dsc_0184\/\" rel=\"attachment wp-att-161\"><img loading=\"lazy\" decoding=\"async\" class=\"alignleft size-medium wp-image-161\" title=\"djenne\" src=\"http:\/\/www.andoafricando.com\/wp-content\/uploads\/2012\/03\/DSC_0184-200x300.jpg\" alt=\"africa\" width=\"200\" height=\"300\" srcset=\"https:\/\/andoafricando.com\/wp-content\/uploads\/2012\/03\/DSC_0184-200x300.jpg 200w, https:\/\/andoafricando.com\/wp-content\/uploads\/2012\/03\/DSC_0184-685x1024.jpg 685w, https:\/\/andoafricando.com\/wp-content\/uploads\/2012\/03\/DSC_0184.jpg 1296w\" sizes=\"auto, (max-width: 200px) 100vw, 200px\" \/><\/a>Despu\u00e9s de la visita al mercado seguimos viaje hacia Bandiagara. Paramos para hacer una visita en el primer pueblo que vimos. Enseguida est\u00e1bamos rodeados de ni\u00f1os con los que jugamos a correr delante de Ulises y luego hicimos una especie de teatro improvisado en el que los ni\u00f1os sal\u00edan a cantar o contar cosas. No es que la comunicaci\u00f3n fuera demasiado fluida, teniendo en cuenta que ning\u00fan ni\u00f1o hablaba franc\u00e9s ni otro idioma que no fuera el b\u00e1mbara,\u00a0a\u00fan as\u00ed\u00a0conseguimos hacernos entender y pasamos un rato realmente divertido. Las se\u00f1oras del pueblo tambi\u00e9n se rieron con los \u201ctubabus\u201d de buena gana.<\/p>\n<p style=\"text-align: justify;\">Cuando \u00edbamos a marcharnos del pueblo lleg\u00f3 un hombre que nos hizo entender que ten\u00eda un hijo enfermo y que no ten\u00eda medios para llegar al hospital de Djenn\u00e9.\u00a0 Utilizamos de traductor a un conductor de otro coche que hab\u00eda parado y llevamos al se\u00f1or con su hijo hasta el transbordador que cruza el r\u00edo hacia Djenn\u00e9 y le <a href=\"http:\/\/www.andoafricando.com\/2012\/03\/12\/djenne\/dsc_0181\/\" rel=\"attachment wp-att-162\"><img loading=\"lazy\" decoding=\"async\" class=\"alignright size-medium wp-image-162\" title=\"ni\u00f1o\" src=\"http:\/\/www.andoafricando.com\/wp-content\/uploads\/2012\/03\/DSC_0181-200x300.jpg\" alt=\"africa\" width=\"200\" height=\"300\" srcset=\"https:\/\/andoafricando.com\/wp-content\/uploads\/2012\/03\/DSC_0181-200x300.jpg 200w, https:\/\/andoafricando.com\/wp-content\/uploads\/2012\/03\/DSC_0181-685x1024.jpg 685w, https:\/\/andoafricando.com\/wp-content\/uploads\/2012\/03\/DSC_0181.jpg 1296w\" sizes=\"auto, (max-width: 200px) 100vw, 200px\" \/><\/a>dejamos algo de dinero para que pudiera llegar al hospital. Nos quedamos todos un poco abrumados ante la impotencia que se siente cuando no puedes hacer mucho m\u00e1s y no est\u00e1s seguro de que todo se\u00a0vaya a solucionar felizmente pero no creo que las opciones eran demasiadas.<\/p>\n<p style=\"text-align: justify;\">Seguimos despu\u00e9s el viaje hasta Bandiagara y all\u00ed quedamos con Yembila que es el gu\u00eda que Joaqu\u00edn nos hab\u00eda recomendado para visitar el Pa\u00eds Dog\u00f3n. Yembila se present\u00f3 con ropas t\u00edpicas Dog\u00f3n (m\u00e1s tarde descubrimos que las fabricaba y te\u00f1\u00eda el mismo) y nos plante\u00f3 varias opciones de visita que pronto definimos y acordamos. Yembila es un tipo curioso que habla con gran \u00e9nfasis y que define todo en porcentajes. Nos daba porcentajes de cristianos, animistas y musulmanes en cada poblado. Cuando algo es casi seguro es \u201cnoventa por ciento\u201d y si es seguro del todo es \u201ccien por cien\u201d aunque, si se lo discutes, siempre lo rebajar\u00e1 hasta un \u201cnoventa y nueve por cien\u201d. Es dif\u00edcil que baje ese porcentaje en esos casos; s\u00f3lo lo hizo un dos o tres por ciento de las veces.<\/p>\n<p style=\"text-align: justify;\"><a href=\"http:\/\/www.andoafricando.com\/2012\/03\/12\/djenne\/img_3488\/\" rel=\"attachment wp-att-163\"><img loading=\"lazy\" decoding=\"async\" class=\"alignleft size-medium wp-image-163\" title=\"yembila\" src=\"http:\/\/www.andoafricando.com\/wp-content\/uploads\/2012\/03\/IMG_3488-300x200.jpg\" alt=\"dogon\" width=\"300\" height=\"200\" srcset=\"https:\/\/andoafricando.com\/wp-content\/uploads\/2012\/03\/IMG_3488-300x200.jpg 300w, https:\/\/andoafricando.com\/wp-content\/uploads\/2012\/03\/IMG_3488-1024x682.jpg 1024w, https:\/\/andoafricando.com\/wp-content\/uploads\/2012\/03\/IMG_3488-450x300.jpg 450w\" sizes=\"auto, (max-width: 300px) 100vw, 300px\" \/><\/a>El hotel en el que nos quedamos en Bandiagara ten\u00eda piscina y un patio muy agradable con un restaurante para comer algo ligero. Un lujo pensado para los visitantes blancos. Como en estas fechas y, dado que hay algo de jaleo por el norte de Mali, no hay muchos turistas ten\u00edamos el hotel casi para nosotros solos y alg\u00fan otro turista m\u00e1s. Acordamos con Yembila hacer la visita al Pa\u00eds Dog\u00f3n de martes a jueves y acabar en el mismo sitio para hacer uso de nuevo del hotel a la vuelta de la excursi\u00f3n. Cerramos el precio, pagamos el\u00a0cien por cien, cosa que hizo muy feliz a Yembila, y quedamos para empezar la ruta al d\u00eda siguiente a las siete de la ma\u00f1ana.<\/p>\n","protected":false},"excerpt":{"rendered":"<p>Hemos pasado una semana de ruta por Mali, principalmente para visitar el Pa\u00eds Dog\u00f3n. El Pa\u00eds Dog\u00f3n se encuentra a unos quinientos kil\u00f3metros al este de Bamako. Salimos el domingo y el viaje de ida lo hicimos por la v\u00eda m\u00e1s directa parando en Segou que es un pueblo a orillas del r\u00edo N\u00edger muy &hellip; <a href=\"https:\/\/www.andoafricando.com\/?p=154\" class=\"more-link\">Continue reading <span class=\"screen-reader-text\">El mercado de Djenn\u00e9<\/span><\/a><\/p>\n","protected":false},"author":1,"featured_media":0,"comment_status":"open","ping_status":"open","sticky":false,"template":"","format":"standard","meta":{"jetpack_post_was_ever_published":false,"_jetpack_newsletter_access":"","_jetpack_dont_email_post_to_subs":false,"_jetpack_newsletter_tier_id":0,"_jetpack_memberships_contains_paywalled_content":false,"_jetpack_memberships_contains_paid_content":false,"footnotes":"","jetpack_publicize_message":"","jetpack_publicize_feature_enabled":true,"jetpack_social_post_already_shared":false,"jetpack_social_options":{"image_generator_settings":{"template":"highway","enabled":false},"version":2}},"categories":[25],"tags":[33,30,34,31,32],"class_list":["post-154","post","type-post","status-publish","format-standard","hentry","category-mali","tag-ando-africando","tag-djenne","tag-mezquita","tag-pais-dogon","tag-yembila"],"jetpack_publicize_connections":[],"jetpack_featured_media_url":"","jetpack_sharing_enabled":true,"jetpack_shortlink":"https:\/\/wp.me\/s29EsV-djenne","_links":{"self":[{"href":"https:\/\/www.andoafricando.com\/index.php?rest_route=\/wp\/v2\/posts\/154","targetHints":{"allow":["GET"]}}],"collection":[{"href":"https:\/\/www.andoafricando.com\/index.php?rest_route=\/wp\/v2\/posts"}],"about":[{"href":"https:\/\/www.andoafricando.com\/index.php?rest_route=\/wp\/v2\/types\/post"}],"author":[{"embeddable":true,"href":"https:\/\/www.andoafricando.com\/index.php?rest_route=\/wp\/v2\/users\/1"}],"replies":[{"embeddable":true,"href":"https:\/\/www.andoafricando.com\/index.php?rest_route=%2Fwp%2Fv2%2Fcomments&post=154"}],"version-history":[{"count":7,"href":"https:\/\/www.andoafricando.com\/index.php?rest_route=\/wp\/v2\/posts\/154\/revisions"}],"predecessor-version":[{"id":166,"href":"https:\/\/www.andoafricando.com\/index.php?rest_route=\/wp\/v2\/posts\/154\/revisions\/166"}],"wp:attachment":[{"href":"https:\/\/www.andoafricando.com\/index.php?rest_route=%2Fwp%2Fv2%2Fmedia&parent=154"}],"wp:term":[{"taxonomy":"category","embeddable":true,"href":"https:\/\/www.andoafricando.com\/index.php?rest_route=%2Fwp%2Fv2%2Fcategories&post=154"},{"taxonomy":"post_tag","embeddable":true,"href":"https:\/\/www.andoafricando.com\/index.php?rest_route=%2Fwp%2Fv2%2Ftags&post=154"}],"curies":[{"name":"wp","href":"https:\/\/api.w.org\/{rel}","templated":true}]}}