{"id":252,"date":"2012-04-15T21:17:50","date_gmt":"2012-04-15T20:17:50","guid":{"rendered":"http:\/\/www.andoafricando.com\/?p=252"},"modified":"2012-04-15T21:20:32","modified_gmt":"2012-04-15T20:20:32","slug":"primera-semana-en-guinea-bissau","status":"publish","type":"post","link":"https:\/\/www.andoafricando.com\/?p=252","title":{"rendered":"Primera semana en Guinea Bissau"},"content":{"rendered":"<p style=\"text-align: justify;\"><a href=\"http:\/\/www.andoafricando.com\/2012\/04\/15\/primera-semana-en-guinea-bissau\/dsc_0198\/\" rel=\"attachment wp-att-253\"><img loading=\"lazy\" decoding=\"async\" class=\"alignleft size-medium wp-image-253\" title=\"ostras\" src=\"http:\/\/www.andoafricando.com\/wp-content\/uploads\/2012\/04\/DSC_0198-200x300.jpg\" alt=\"bissau\" width=\"200\" height=\"300\" srcset=\"https:\/\/andoafricando.com\/wp-content\/uploads\/2012\/04\/DSC_0198-200x300.jpg 200w, https:\/\/andoafricando.com\/wp-content\/uploads\/2012\/04\/DSC_0198-685x1024.jpg 685w, https:\/\/andoafricando.com\/wp-content\/uploads\/2012\/04\/DSC_0198.jpg 1296w\" sizes=\"auto, (max-width: 200px) 100vw, 200px\" \/><\/a>Los primeros d\u00edas en Guinea Bissau los dedicamos a comer ostras. No es broma. Despu\u00e9s de llegar a Bissau y manifestarnos frente a la embajada espa\u00f1ola en contra de la reforma de la ley laboral en Espa\u00f1a, y alojarnos una noche reparadora en case de Kiko y Elena nos fuimos a buscar a Eloisa a la frontera y desde all\u00ed directamente a Qui\u00f1amel a comer ostras. El primer d\u00eda las comimos en un restaurante y el segundo fuimos a ver a la familia Santos y all\u00ed comimos otras hasta hartarnos. Despu\u00e9s de comernos tantas ostras que no hab\u00eda cubos para echar las c\u00e1scaras nos dijeron que ya era hora de comer. Pens\u00e1bamos que era una broma pero no lo era y tuvimos que comer algo de paloma salvaje con arroz y ensalada para no quedar mal.<\/p>\n<p style=\"text-align: justify;\">La familia Santos es la m\u00e1s rica de Qui\u00f1amel. Les conoc\u00edamos por la referencia que nos hab\u00edan dado Pablo y Ana (Nuackchot). Nos contaron que se hab\u00edan portado de maravilla con ellos cuando estuvieron por estas tierras y que hab\u00edan alojado a Pablo durante una semana mientras esperaba la llegada de una pieza para reparar la furgoneta y regresar a Mauritania. En prueba de amistad y cari\u00f1o, Ana y Pablo, nos encargaron traer un collar, una botella de vino y una alfombra para regal\u00e1rselas a los Santos. <a href=\"http:\/\/www.andoafricando.com\/2012\/04\/15\/primera-semana-en-guinea-bissau\/dsc_0190\/\" rel=\"attachment wp-att-255\"><img loading=\"lazy\" decoding=\"async\" class=\"alignleft size-medium wp-image-255\" title=\"romana\" src=\"http:\/\/www.andoafricando.com\/wp-content\/uploads\/2012\/04\/DSC_0190-300x200.jpg\" alt=\"santos\" width=\"300\" height=\"200\" srcset=\"https:\/\/andoafricando.com\/wp-content\/uploads\/2012\/04\/DSC_0190-300x200.jpg 300w, https:\/\/andoafricando.com\/wp-content\/uploads\/2012\/04\/DSC_0190-1024x685.jpg 1024w, https:\/\/andoafricando.com\/wp-content\/uploads\/2012\/04\/DSC_0190-448x300.jpg 448w, https:\/\/andoafricando.com\/wp-content\/uploads\/2012\/04\/DSC_0190.jpg 1936w\" sizes=\"auto, (max-width: 300px) 100vw, 300px\" \/><\/a>Hay que reconocer que viajar con los regalos de los Santos durante dos meses y no poder hacer uso de ellos (el collar no tiene importancia pero el vino y la alfombra\u2026) ha sido una prueba de fe.<\/p>\n<p style=\"text-align: justify;\"><a href=\"http:\/\/www.andoafricando.com\/2012\/04\/15\/primera-semana-en-guinea-bissau\/dsc_0226\/\" rel=\"attachment wp-att-256\"><img loading=\"lazy\" decoding=\"async\" class=\"alignleft size-medium wp-image-256\" title=\"manuel\" src=\"http:\/\/www.andoafricando.com\/wp-content\/uploads\/2012\/04\/DSC_0226-200x300.jpg\" alt=\"santos\" width=\"200\" height=\"300\" srcset=\"https:\/\/andoafricando.com\/wp-content\/uploads\/2012\/04\/DSC_0226-200x300.jpg 200w, https:\/\/andoafricando.com\/wp-content\/uploads\/2012\/04\/DSC_0226-685x1024.jpg 685w, https:\/\/andoafricando.com\/wp-content\/uploads\/2012\/04\/DSC_0226.jpg 1296w\" sizes=\"auto, (max-width: 200px) 100vw, 200px\" \/><\/a>El patriarca de la familia es el se\u00f1or Manuel Santos que vino a Guinea Bissau all\u00e1 por los a\u00f1os sesenta a hacer la guerra con su pa\u00eds (Portugal) par tratar de evitar la independencia de Guinea Bissau. El se\u00f1or Santos decidi\u00f3 quedarse y se caso con Romana que es una mujer hermosa en todos los sentidos que se le pueden atribuir a esta palabra. Los santos tienen cuatro hijos aunque s\u00f3lo conocimos a dos de ellos, Mario y Salom\u00e9. En conjunto son una familia encantadora y sencilla teniendo en cuenta el nivel al que se mueven. El se\u00f1or santos tiene un negocio de aguardiente que elaboran a partir del fruto del cay\u00fa (anacardo) y que les deja unas rentas m\u00e1s que suficientes para la vida en Guinea Bissau. Tienen siempre a un mont\u00f3n de gente en la casa entre familiares, empleados del hogar y otros a los que acogen de vez en cuando y te hacen sentir como si estuvieras realmente en tu casa. No se trata de la t\u00edpica familia de Guinea Bissau pero si que representa a las familias de europeos que se quedaron por aqu\u00ed para crearse un hogar y una forma de vida.<\/p>\n<p style=\"text-align: justify;\"><a href=\"http:\/\/www.andoafricando.com\/2012\/04\/15\/primera-semana-en-guinea-bissau\/p1060826\/\" rel=\"attachment wp-att-257\"><img loading=\"lazy\" decoding=\"async\" class=\"alignright size-medium wp-image-257\" title=\"salti\u00f1o\" src=\"http:\/\/www.andoafricando.com\/wp-content\/uploads\/2012\/04\/P1060826-300x200.jpg\" alt=\"atardecer\" width=\"300\" height=\"200\" srcset=\"https:\/\/andoafricando.com\/wp-content\/uploads\/2012\/04\/P1060826-300x200.jpg 300w, https:\/\/andoafricando.com\/wp-content\/uploads\/2012\/04\/P1060826-1024x682.jpg 1024w, https:\/\/andoafricando.com\/wp-content\/uploads\/2012\/04\/P1060826-450x300.jpg 450w\" sizes=\"auto, (max-width: 300px) 100vw, 300px\" \/><\/a>Desde Qui\u00f1amel viajamos al sur hac\u00eda la isla de Bolama. De camino paramos en Salti\u00f1o que es un hotel fant\u00e1stico al lado de un rio que forma una especie de r\u00e1pidos all\u00ed mismo y que es un lugar maravilloso para pasar el d\u00eda entre ba\u00f1os en el rio, ratos con las mujeres que lavan ropa, jugando con los ni\u00f1os o tumbados en una hamaca a leer o descansar. Nos gust\u00f3 tanto este sitio que repetimos parada al regresar de Bolama.<\/p>\n<p style=\"text-align: justify;\"><a href=\"http:\/\/www.andoafricando.com\/2012\/04\/15\/primera-semana-en-guinea-bissau\/p1060886\/\" rel=\"attachment wp-att-258\"><img loading=\"lazy\" decoding=\"async\" class=\"alignleft size-medium wp-image-258\" title=\"bolama\" src=\"http:\/\/www.andoafricando.com\/wp-content\/uploads\/2012\/04\/P1060886-300x225.jpg\" alt=\"barca\" width=\"300\" height=\"225\" srcset=\"https:\/\/andoafricando.com\/wp-content\/uploads\/2012\/04\/P1060886-300x225.jpg 300w, https:\/\/andoafricando.com\/wp-content\/uploads\/2012\/04\/P1060886-1024x768.jpg 1024w, https:\/\/andoafricando.com\/wp-content\/uploads\/2012\/04\/P1060886-400x300.jpg 400w\" sizes=\"auto, (max-width: 300px) 100vw, 300px\" \/><\/a>Bolama era la capital de Guinea Bissau hasta el a\u00f1o 1944. Se trata de una isla de unos diez kil\u00f3metros cuadrados a la que se puede llegar desde tierra con un barco que cruza varias veces al d\u00eda un estrecho de menos de tres kil\u00f3metros desde la vecina Sao Joao. Bolama era una gran ciudad en su tiempo con sus calles anchas, grandes plazas y edificios coloniales. Desde que dej\u00f3 de ser capital, se fue abandonando poco a poco la ciudad y hoy las plantas han ido ganando terreno al asfalto y ahora parece una ciudad fantasma en la que s\u00f3lo encontramos un par de mercados de los peque\u00f1os para el est\u00e1ndar africano, una tiendecita o dos y un solo restaurante. Parece la ciudad abandonada del libro de la selva. Es realmente un espect\u00e1culo llamativo ver en lo que se ha convertido la antigua capital de Guinea Bissau.<\/p>\n<p style=\"text-align: justify;\"><a href=\"http:\/\/www.andoafricando.com\/2012\/04\/15\/primera-semana-en-guinea-bissau\/dsc_0287\/\" rel=\"attachment wp-att-259\"><img loading=\"lazy\" decoding=\"async\" class=\"alignright size-medium wp-image-259\" title=\"salti\u00f1o\" src=\"http:\/\/www.andoafricando.com\/wp-content\/uploads\/2012\/04\/DSC_0287-300x200.jpg\" alt=\"rio\" width=\"300\" height=\"200\" srcset=\"https:\/\/andoafricando.com\/wp-content\/uploads\/2012\/04\/DSC_0287-300x200.jpg 300w, https:\/\/andoafricando.com\/wp-content\/uploads\/2012\/04\/DSC_0287-1024x685.jpg 1024w, https:\/\/andoafricando.com\/wp-content\/uploads\/2012\/04\/DSC_0287-448x300.jpg 448w, https:\/\/andoafricando.com\/wp-content\/uploads\/2012\/04\/DSC_0287.jpg 1936w\" sizes=\"auto, (max-width: 300px) 100vw, 300px\" \/><\/a>Para dormir nos quedamos en la playa que hay al otro lado de la isla y que en tiempos debi\u00f3 ser un balneario para los poderosos con su hotel y sus escalinatas que bajan a la playa. S\u00f3lo quedan las ruinas y en la playa no hay nadie. Hicimos un gran fuego y pasamos la noche en la playa para hacer el regreso a Bissau con la indicada parada en Salti\u00f1o. En Bissau nos esperaba el barco que va a las islas Bijogos pero esa historia la contar\u00e9 en otra entrada.<\/p>\n","protected":false},"excerpt":{"rendered":"<p>Los primeros d\u00edas en Guinea Bissau los dedicamos a comer ostras. No es broma. Despu\u00e9s de llegar a Bissau y manifestarnos frente a la embajada espa\u00f1ola en contra de la reforma de la ley laboral en Espa\u00f1a, y alojarnos una noche reparadora en case de Kiko y Elena nos fuimos a buscar a Eloisa a &hellip; <a href=\"https:\/\/www.andoafricando.com\/?p=252\" class=\"more-link\">Continue reading <span class=\"screen-reader-text\">Primera semana en Guinea Bissau<\/span><\/a><\/p>\n","protected":false},"author":1,"featured_media":0,"comment_status":"open","ping_status":"open","sticky":false,"template":"","format":"standard","meta":{"jetpack_post_was_ever_published":false,"_jetpack_newsletter_access":"","_jetpack_dont_email_post_to_subs":false,"_jetpack_newsletter_tier_id":0,"_jetpack_memberships_contains_paywalled_content":false,"_jetpack_memberships_contains_paid_content":false,"footnotes":"","jetpack_publicize_message":"","jetpack_publicize_feature_enabled":true,"jetpack_social_post_already_shared":false,"jetpack_social_options":{"image_generator_settings":{"template":"highway","enabled":false},"version":2}},"categories":[48],"tags":[8,49,53,52,51,50,6],"class_list":["post-252","post","type-post","status-publish","format-standard","hentry","category-bissau","tag-andoafricando","tag-bissau-2","tag-playa","tag-rio","tag-saltino","tag-santos","tag-viaje-por-africa"],"jetpack_publicize_connections":[],"jetpack_featured_media_url":"","jetpack_sharing_enabled":true,"jetpack_shortlink":"https:\/\/wp.me\/p29EsV-44","_links":{"self":[{"href":"https:\/\/www.andoafricando.com\/index.php?rest_route=\/wp\/v2\/posts\/252","targetHints":{"allow":["GET"]}}],"collection":[{"href":"https:\/\/www.andoafricando.com\/index.php?rest_route=\/wp\/v2\/posts"}],"about":[{"href":"https:\/\/www.andoafricando.com\/index.php?rest_route=\/wp\/v2\/types\/post"}],"author":[{"embeddable":true,"href":"https:\/\/www.andoafricando.com\/index.php?rest_route=\/wp\/v2\/users\/1"}],"replies":[{"embeddable":true,"href":"https:\/\/www.andoafricando.com\/index.php?rest_route=%2Fwp%2Fv2%2Fcomments&post=252"}],"version-history":[{"count":5,"href":"https:\/\/www.andoafricando.com\/index.php?rest_route=\/wp\/v2\/posts\/252\/revisions"}],"predecessor-version":[{"id":262,"href":"https:\/\/www.andoafricando.com\/index.php?rest_route=\/wp\/v2\/posts\/252\/revisions\/262"}],"wp:attachment":[{"href":"https:\/\/www.andoafricando.com\/index.php?rest_route=%2Fwp%2Fv2%2Fmedia&parent=252"}],"wp:term":[{"taxonomy":"category","embeddable":true,"href":"https:\/\/www.andoafricando.com\/index.php?rest_route=%2Fwp%2Fv2%2Fcategories&post=252"},{"taxonomy":"post_tag","embeddable":true,"href":"https:\/\/www.andoafricando.com\/index.php?rest_route=%2Fwp%2Fv2%2Ftags&post=252"}],"curies":[{"name":"wp","href":"https:\/\/api.w.org\/{rel}","templated":true}]}}