{"id":292,"date":"2012-04-17T17:26:46","date_gmt":"2012-04-17T16:26:46","guid":{"rendered":"http:\/\/www.andoafricando.com\/?p=292"},"modified":"2012-04-17T18:27:44","modified_gmt":"2012-04-17T17:27:44","slug":"semana-santa-en-las-islas-bijagos","status":"publish","type":"post","link":"https:\/\/www.andoafricando.com\/?p=292","title":{"rendered":"Semana Santa en las islas Bijagos"},"content":{"rendered":"<p style=\"text-align: justify;\"><span style=\"color: #888888;\"><a href=\"http:\/\/www.andoafricando.com\/2012\/04\/17\/semana-santa-en-las-islas-bijagos\/dsc_0295-2\/\" rel=\"attachment wp-att-295\"><img loading=\"lazy\" decoding=\"async\" class=\"alignright size-medium wp-image-295\" title=\"playa\" src=\"http:\/\/www.andoafricando.com\/wp-content\/uploads\/2012\/04\/DSC_02951-300x200.jpg\" alt=\"\" width=\"300\" height=\"200\" srcset=\"https:\/\/andoafricando.com\/wp-content\/uploads\/2012\/04\/DSC_02951-300x200.jpg 300w, https:\/\/andoafricando.com\/wp-content\/uploads\/2012\/04\/DSC_02951-1024x685.jpg 1024w, https:\/\/andoafricando.com\/wp-content\/uploads\/2012\/04\/DSC_02951-448x300.jpg 448w, https:\/\/andoafricando.com\/wp-content\/uploads\/2012\/04\/DSC_02951.jpg 1936w\" sizes=\"auto, (max-width: 300px) 100vw, 300px\" \/><\/a>En entregas anteriores quedamos pendientes de contaros los d\u00edas que pasamos en las islas Bijogos. Despu\u00e9s de un paseo por Bolama y el sur de Guinea Bissau nos dirigimos a la capital y desde all\u00ed fuimos directamente al puerto a coger el barco que va a Bubake en el archipi\u00e9lago de Bijagos. Por cosas de la vida fuimos a elegir justamente el viernes santo de pascua para hacer el viaje.<\/span><\/p>\n<p>&nbsp;<\/p>\n<p style=\"text-align: justify;\"><span style=\"color: #888888;\"><a href=\"http:\/\/www.andoafricando.com\/2012\/04\/17\/semana-santa-en-las-islas-bijagos\/p1140008\/\" rel=\"attachment wp-att-296\"><img loading=\"lazy\" decoding=\"async\" class=\"alignleft size-medium wp-image-296\" title=\"barco\" src=\"http:\/\/www.andoafricando.com\/wp-content\/uploads\/2012\/04\/P1140008-300x225.jpg\" alt=\"bissau\" width=\"300\" height=\"225\" srcset=\"https:\/\/andoafricando.com\/wp-content\/uploads\/2012\/04\/P1140008-300x225.jpg 300w, https:\/\/andoafricando.com\/wp-content\/uploads\/2012\/04\/P1140008-1024x768.jpg 1024w, https:\/\/andoafricando.com\/wp-content\/uploads\/2012\/04\/P1140008-400x300.jpg 400w\" sizes=\"auto, (max-width: 300px) 100vw, 300px\" \/><\/a>Para los habitantes de Bissau la forma m\u00e1s sencilla de hacer una escapada de fin de semana es coger el barco e irse a las islas. Adem\u00e1s era Semana Santa y el barco iba el viernes y regresaba el lunes en lugar del domingo como es habitual. A esto hay que sumarle que estaba previsto un festival de m\u00fasica en Bubake. Con todo esto, resulta que elegimos justo el fin de semana de operaci\u00f3n salida en Guinea Bissau y nos dirigimos justamente al destino m\u00e1s popular.<\/span><\/p>\n<p>&nbsp;<\/p>\n<p style=\"text-align: justify;\"><span style=\"color: #888888;\"><a href=\"http:\/\/www.andoafricando.com\/2012\/04\/17\/semana-santa-en-las-islas-bijagos\/p1060950\/\" rel=\"attachment wp-att-297\"><img loading=\"lazy\" decoding=\"async\" class=\"alignright size-medium wp-image-297\" title=\"barco\" src=\"http:\/\/www.andoafricando.com\/wp-content\/uploads\/2012\/04\/P1060950-300x200.jpg\" alt=\"bijogos\" width=\"300\" height=\"200\" srcset=\"https:\/\/andoafricando.com\/wp-content\/uploads\/2012\/04\/P1060950-300x200.jpg 300w, https:\/\/andoafricando.com\/wp-content\/uploads\/2012\/04\/P1060950-1024x682.jpg 1024w, https:\/\/andoafricando.com\/wp-content\/uploads\/2012\/04\/P1060950-450x300.jpg 450w\" sizes=\"auto, (max-width: 300px) 100vw, 300px\" \/><\/a>Montar en el barco fue un infierno absoluto. Se forman tres colas paralelas y mal organizadas y una cuarta m\u00e1s ancha y completamente desorganizada al lado de estas. La gente va entrando como puede al recinto de embarque y all\u00ed se vuelven a formar otro par de colas para subir al barco. Los polic\u00edas reparten alg\u00fan que otro porrazo que destinan a las colas que denominaremos como ilegales pero que acaban por afectar a la situaci\u00f3n en las vecinas colas legales como da\u00f1o colateral inevitable. La gente se api\u00f1a, se intenta colar, empuja, se pasa bolsas de equipaje de unos a otros y poco a poco se van montando en el barco.<\/span><\/p>\n<p>&nbsp;<\/p>\n<p style=\"text-align: justify;\"><span style=\"color: #888888;\"><img loading=\"lazy\" decoding=\"async\" class=\"alignright size-medium wp-image-301\" title=\"gente\" src=\"http:\/\/www.andoafricando.com\/wp-content\/uploads\/2012\/04\/P1060677-300x225.jpg\" alt=\"primera\" width=\"300\" height=\"225\" srcset=\"https:\/\/andoafricando.com\/wp-content\/uploads\/2012\/04\/P1060677-300x225.jpg 300w, https:\/\/andoafricando.com\/wp-content\/uploads\/2012\/04\/P1060677-1024x768.jpg 1024w, https:\/\/andoafricando.com\/wp-content\/uploads\/2012\/04\/P1060677-400x300.jpg 400w\" sizes=\"auto, (max-width: 300px) 100vw, 300px\" \/>Despu\u00e9s de m\u00e1s de una hora en la cola, al subir al barco, nos dicen que no podemos ir en primera con el perro porque parece muy peligroso y podr\u00eda morder a alguien. Mientras Ulises se quitaba las margaritas del cuello y se preguntaba qu\u00e9 podr\u00eda estar pasando entre aquellos animales que intentaban subir a un barco de aspecto poco fiable, Ana, Ulises y yo, nos dirigimos a la zona de carga. Montamos en medio de la plataforma en la que tendr\u00edan que ir coches y camiones con un mont\u00f3n de gente m\u00e1s y pronto nos hicimos un hueco entre la gente local. Nerea y Eloisa ya estaban c\u00f3modamente alojadas en la parte de arriba, donde hay asientos.<\/span><\/p>\n<p>&nbsp;<\/p>\n<p style=\"text-align: justify;\"><span style=\"color: #888888;\">A<a href=\"http:\/\/www.andoafricando.com\/2012\/04\/17\/semana-santa-en-las-islas-bijagos\/p1060976\/\" rel=\"attachment wp-att-307\"><img loading=\"lazy\" decoding=\"async\" class=\"alignright size-medium wp-image-307\" title=\"playa\" src=\"http:\/\/www.andoafricando.com\/wp-content\/uploads\/2012\/04\/P1060976-300x225.jpg\" alt=\"amigos\" width=\"300\" height=\"225\" srcset=\"https:\/\/andoafricando.com\/wp-content\/uploads\/2012\/04\/P1060976-300x225.jpg 300w, https:\/\/andoafricando.com\/wp-content\/uploads\/2012\/04\/P1060976-1024x768.jpg 1024w, https:\/\/andoafricando.com\/wp-content\/uploads\/2012\/04\/P1060976-400x300.jpg 400w\" sizes=\"auto, (max-width: 300px) 100vw, 300px\" \/><\/a>l poco de estar en el barco nos dicen que va a haber un concierto justo a nuestro lado y que va a tocar el gran Justino Delgado. Justino es el Alejandro Sanz local y mueve a las masas. Nos habilitamos un techado para tener sombra con una tela, pedimos cervezas y bocadillos y disfrutamos del concierto de Justino en primera fila por detr\u00e1s del escenario durante el tiempo que dur\u00f3 el trayecto (unas cuatro horas en total). Ver a Justino, la gente bailando y cantando, el ambiente, y disfrutar de los nuevos amigos que hicimos fue encantador y compens\u00f3 con creces las incomodidades del acceso al barco.<\/span><\/p>\n<p>&nbsp;<\/p>\n<p style=\"text-align: justify;\"><span style=\"color: #888888;\">En Bubake nos alojamos en la playa y cometimos el error de dejar las mochilas fuera de la tienda mientras dorm\u00edamos. No ten\u00edamos cosas de valor en ellas pero se llevaron todo. A Ana y a mi no nos quitaron la <a href=\"http:\/\/www.andoafricando.com\/2012\/04\/17\/semana-santa-en-las-islas-bijagos\/p1060820\/\" rel=\"attachment wp-att-306\"><img loading=\"lazy\" decoding=\"async\" class=\"alignright size-medium wp-image-306\" title=\"ulises\" src=\"http:\/\/www.andoafricando.com\/wp-content\/uploads\/2012\/04\/P1060820-300x200.jpg\" alt=\"\" width=\"300\" height=\"200\" srcset=\"https:\/\/andoafricando.com\/wp-content\/uploads\/2012\/04\/P1060820-300x200.jpg 300w, https:\/\/andoafricando.com\/wp-content\/uploads\/2012\/04\/P1060820-1024x682.jpg 1024w, https:\/\/andoafricando.com\/wp-content\/uploads\/2012\/04\/P1060820-450x300.jpg 450w\" sizes=\"auto, (max-width: 300px) 100vw, 300px\" \/><\/a>mochila porque dejamos a Ulises atado a ella y les debi\u00f3 dar pereza soltar el nudo. Ulises actu\u00f3 de forma fr\u00eda y calculadora. Sabiendo que no hab\u00eda cosas de gran importancia y que podr\u00eda ser arriesgado enfrentarse solo a los ladrones, se oculto entre la tela de la tienda y no dijo nada. Por la ma\u00f1ana se llev\u00f3 nuestra mochila a rastras en persecuci\u00f3n de un perro que pasaba por la playa y esto nos despert\u00f3 y nos hizo notar que faltaban cosas. Se llevaron mis sandalias y es una gran p\u00e9rdida. A Nerea y Eloisa les quitaron toda la ropa que ten\u00edan salvo un par de bragas y el bikini y alguna cosilla de m\u00e1s valor pero nada muy importante. Si acaso la tarjeta de cr\u00e9dito de mi hermana pero no la utilizaron para comprar en el mercadona de la esquina.<\/span><\/p>\n<p>&nbsp;<\/p>\n<p style=\"text-align: justify;\"><span style=\"color: #888888;\">Pasamos un par de d\u00edas divertidos en las islas visitando playas y viendo a gente nueva. Estar en la playa con todos los guineanos pase\u00e1ndose por all\u00ed fue divertido. Al menos fue divertido saludar a los cincuenta primeros que se pararon a hablar con nosotros. Tengo la sensaci\u00f3n de que a los otros cien no les tratamos como se debe\u2026<\/span><\/p>\n<p style=\"text-align: justify;\"><span style=\"color: #888888;\">El regreso en el barco fue mucho m\u00e1s tranquilo. Iba todo el mundo borracho. Desde los pasajero hasta el pasaje y no vimos al capit\u00e1n pero ser\u00eda loable si no lo hubiera estado ya que ser\u00eda el \u00fanico guineano sereno del barco. Nunca lo sabremos. La experiencia ha sido positiva con alg\u00fan peque\u00f1o percance y aun as\u00ed hemos de recomendar que en Semana Santa no se elija el destino m\u00e1s popular ya que te arriesgas a pasar agobios y vivir un estr\u00e9s que no buscas en tus vacaciones.<\/span><\/p>\n","protected":false},"excerpt":{"rendered":"<p>En entregas anteriores quedamos pendientes de contaros los d\u00edas que pasamos en las islas Bijogos. Despu\u00e9s de un paseo por Bolama y el sur de Guinea Bissau nos dirigimos a la capital y desde all\u00ed fuimos directamente al puerto a coger el barco que va a Bubake en el archipi\u00e9lago de Bijagos. Por cosas de &hellip; <a href=\"https:\/\/www.andoafricando.com\/?p=292\" class=\"more-link\">Continue reading <span class=\"screen-reader-text\">Semana Santa en las islas Bijagos<\/span><\/a><\/p>\n","protected":false},"author":1,"featured_media":0,"comment_status":"open","ping_status":"open","sticky":false,"template":"","format":"standard","meta":{"jetpack_post_was_ever_published":false,"_jetpack_newsletter_access":"","_jetpack_dont_email_post_to_subs":false,"_jetpack_newsletter_tier_id":0,"_jetpack_memberships_contains_paywalled_content":false,"_jetpack_memberships_contains_paid_content":false,"footnotes":"","jetpack_publicize_message":"","jetpack_publicize_feature_enabled":true,"jetpack_social_post_already_shared":false,"jetpack_social_options":{"image_generator_settings":{"template":"highway","enabled":false},"version":2}},"categories":[48],"tags":[60,49,58,61,6],"class_list":["post-292","post","type-post","status-publish","format-standard","hentry","category-bissau","tag-bijagos","tag-bissau-2","tag-guinea","tag-semana-santa","tag-viaje-por-africa"],"jetpack_publicize_connections":[],"jetpack_featured_media_url":"","jetpack_sharing_enabled":true,"jetpack_shortlink":"https:\/\/wp.me\/p29EsV-4I","_links":{"self":[{"href":"https:\/\/www.andoafricando.com\/index.php?rest_route=\/wp\/v2\/posts\/292","targetHints":{"allow":["GET"]}}],"collection":[{"href":"https:\/\/www.andoafricando.com\/index.php?rest_route=\/wp\/v2\/posts"}],"about":[{"href":"https:\/\/www.andoafricando.com\/index.php?rest_route=\/wp\/v2\/types\/post"}],"author":[{"embeddable":true,"href":"https:\/\/www.andoafricando.com\/index.php?rest_route=\/wp\/v2\/users\/1"}],"replies":[{"embeddable":true,"href":"https:\/\/www.andoafricando.com\/index.php?rest_route=%2Fwp%2Fv2%2Fcomments&post=292"}],"version-history":[{"count":12,"href":"https:\/\/www.andoafricando.com\/index.php?rest_route=\/wp\/v2\/posts\/292\/revisions"}],"predecessor-version":[{"id":311,"href":"https:\/\/www.andoafricando.com\/index.php?rest_route=\/wp\/v2\/posts\/292\/revisions\/311"}],"wp:attachment":[{"href":"https:\/\/www.andoafricando.com\/index.php?rest_route=%2Fwp%2Fv2%2Fmedia&parent=292"}],"wp:term":[{"taxonomy":"category","embeddable":true,"href":"https:\/\/www.andoafricando.com\/index.php?rest_route=%2Fwp%2Fv2%2Fcategories&post=292"},{"taxonomy":"post_tag","embeddable":true,"href":"https:\/\/www.andoafricando.com\/index.php?rest_route=%2Fwp%2Fv2%2Ftags&post=292"}],"curies":[{"name":"wp","href":"https:\/\/api.w.org\/{rel}","templated":true}]}}