{"id":374,"date":"2012-05-14T18:05:13","date_gmt":"2012-05-14T17:05:13","guid":{"rendered":"http:\/\/www.andoafricando.com\/?p=374"},"modified":"2012-05-14T18:05:13","modified_gmt":"2012-05-14T17:05:13","slug":"rayos-y-truenos","status":"publish","type":"post","link":"https:\/\/www.andoafricando.com\/?p=374","title":{"rendered":"Rayos y truenos"},"content":{"rendered":"<p style=\"text-align: justify;\"><a href=\"http:\/\/www.andoafricando.com\/2012\/05\/14\/rayos-y-truenos\/3-mujer\/\" rel=\"attachment wp-att-375\"><img loading=\"lazy\" decoding=\"async\" class=\"alignleft size-medium wp-image-375\" title=\"mujer\" src=\"http:\/\/www.andoafricando.com\/wp-content\/uploads\/2012\/05\/3-mujer-300x200.jpg\" alt=\"\" width=\"300\" height=\"200\" srcset=\"https:\/\/andoafricando.com\/wp-content\/uploads\/2012\/05\/3-mujer-300x200.jpg 300w, https:\/\/andoafricando.com\/wp-content\/uploads\/2012\/05\/3-mujer-448x300.jpg 448w, https:\/\/andoafricando.com\/wp-content\/uploads\/2012\/05\/3-mujer.jpg 968w\" sizes=\"auto, (max-width: 300px) 100vw, 300px\" \/><\/a>Creo haber le\u00eddo o escuchado en alguna ocasi\u00f3n que en una tormenta se descargan miles de rayos de media. Siempre me pareci\u00f3 que esto era un poco exagerado en base a las tormentas que hab\u00eda visto. Desde que he presenciado las tormentas por esta zona he cambiado de idea.<\/p>\n<p style=\"text-align: justify;\">\nLa \u00e9poca de lluvias se supone que comienza a mediados o finales de mayo. Parece que este a\u00f1o se ha adelantado ya que para estas fechas (escribo esto el d\u00eda cinco de mayo en espera de poder publicarlo pronto) ya hemos presenciado varias tormentas y alg\u00fan d\u00eda lluvioso.<\/p>\n<p style=\"text-align: justify;\">\n<a href=\"http:\/\/www.andoafricando.com\/2012\/05\/14\/rayos-y-truenos\/3-sastre\/\" rel=\"attachment wp-att-376\"><img loading=\"lazy\" decoding=\"async\" class=\"alignright size-medium wp-image-376\" title=\"sastre\" src=\"http:\/\/www.andoafricando.com\/wp-content\/uploads\/2012\/05\/3-sastre-300x200.jpg\" alt=\"\" width=\"300\" height=\"200\" srcset=\"https:\/\/andoafricando.com\/wp-content\/uploads\/2012\/05\/3-sastre-300x200.jpg 300w, https:\/\/andoafricando.com\/wp-content\/uploads\/2012\/05\/3-sastre-448x300.jpg 448w, https:\/\/andoafricando.com\/wp-content\/uploads\/2012\/05\/3-sastre.jpg 968w\" sizes=\"auto, (max-width: 300px) 100vw, 300px\" \/><\/a>La primera tormenta que vimos fue en la noche que estuvimos acampados en el Mare de los Hipop\u00f3tamos. En realidad ese d\u00eda no llovi\u00f3 mucho; b\u00e1sicamente se tir\u00f3 varias horas relampagueando con rayos a miles y truenos por doquier. Ca\u00edan rayos por todos los lados, Ulises pas\u00f3 verdadero terror, el campo se iluminaba constantemente y result\u00f3 complicado dormir con tanto fogonazo y ruido.<\/p>\n<p style=\"text-align: justify;\">\n<a href=\"http:\/\/www.andoafricando.com\/2012\/05\/14\/rayos-y-truenos\/3-motos\/\" rel=\"attachment wp-att-377\"><img loading=\"lazy\" decoding=\"async\" class=\"alignleft size-medium wp-image-377\" title=\"motos\" src=\"http:\/\/www.andoafricando.com\/wp-content\/uploads\/2012\/05\/3-motos-300x200.jpg\" alt=\"\" width=\"300\" height=\"200\" srcset=\"https:\/\/andoafricando.com\/wp-content\/uploads\/2012\/05\/3-motos-300x200.jpg 300w, https:\/\/andoafricando.com\/wp-content\/uploads\/2012\/05\/3-motos-448x300.jpg 448w, https:\/\/andoafricando.com\/wp-content\/uploads\/2012\/05\/3-motos.jpg 968w\" sizes=\"auto, (max-width: 300px) 100vw, 300px\" \/><\/a>A los pocos d\u00edas nos sorprendi\u00f3 otra tormenta durmiendo en el campo. Como hace bastante calor, solemos dormir directamente con la mosquitera y no con la tienda. Cuando empez\u00f3 a llover tuvimos que recoger la mosquitera con saco, colchoneta, esterillas y almohadas dentro y meterlo dentro de Harmat\u00e1n. Ulises se quer\u00eda meter en la mosquitera mientras nosotros pretend\u00edamos recogerla y esto complic\u00f3 la operaci\u00f3n un poco. Dormimos los tres dentro de Harmat\u00e1n como pudimos y amanecimos en un campo lleno de canales de agua y barro.<\/p>\n<p style=\"text-align: justify;\">\n<a href=\"http:\/\/www.andoafricando.com\/2012\/05\/14\/rayos-y-truenos\/3-transporte\/\" rel=\"attachment wp-att-378\"><img loading=\"lazy\" decoding=\"async\" class=\"alignright size-medium wp-image-378\" title=\"transporte\" src=\"http:\/\/www.andoafricando.com\/wp-content\/uploads\/2012\/05\/3-transporte-300x200.jpg\" alt=\"\" width=\"300\" height=\"200\" srcset=\"https:\/\/andoafricando.com\/wp-content\/uploads\/2012\/05\/3-transporte-300x200.jpg 300w, https:\/\/andoafricando.com\/wp-content\/uploads\/2012\/05\/3-transporte-448x300.jpg 448w, https:\/\/andoafricando.com\/wp-content\/uploads\/2012\/05\/3-transporte.jpg 968w\" sizes=\"auto, (max-width: 300px) 100vw, 300px\" \/><\/a>Hace dos noches tuvimos una tormenta memorable. Por suerte esta vez nos pillo en un albergue muy mono en el que nos hemos alojado unos d\u00edas en Pama, en la ruta de Ben\u00edn (Chez V.S.; muy recomendable). Llovi\u00f3 a mares y hubo alg\u00fan rayo que debi\u00f3 caer al lado del albergue; el ruido y la luz fueron realmente espectaculares. No he visto caer tantos rayos en toda mi vida ni recuerdo haberlos sentido tan cerca.<\/p>\n<p style=\"text-align: justify;\">\n<a href=\"http:\/\/www.andoafricando.com\/2012\/05\/14\/rayos-y-truenos\/3-ropa\/\" rel=\"attachment wp-att-379\"><img loading=\"lazy\" decoding=\"async\" class=\"alignleft size-medium wp-image-379\" title=\"ropa\" src=\"http:\/\/www.andoafricando.com\/wp-content\/uploads\/2012\/05\/3-ropa-300x200.jpg\" alt=\"\" width=\"300\" height=\"200\" srcset=\"https:\/\/andoafricando.com\/wp-content\/uploads\/2012\/05\/3-ropa-300x200.jpg 300w, https:\/\/andoafricando.com\/wp-content\/uploads\/2012\/05\/3-ropa-448x300.jpg 448w, https:\/\/andoafricando.com\/wp-content\/uploads\/2012\/05\/3-ropa.jpg 968w\" sizes=\"auto, (max-width: 300px) 100vw, 300px\" \/><\/a>Las tormentas en \u00c1frica compensan la media de rayos ca\u00eddos por tormenta con creces. No ha sido posible contarlos aunque no renunciamos a ello. Los rayos caen a la vez por varios lados. No se pueden contar los segundos entre rayo y trueno para saber la distancia a la que est\u00e1 la tormenta porque ser\u00eda imposible determinar que trueno corresponde a que rayo. Supongo que los fuegos artificiales los invent\u00f3 un chino que vio una de estas tormentas y le pareci\u00f3 que podr\u00eda ser un espect\u00e1culo para las fiestas de su pueblo.<\/p>\n","protected":false},"excerpt":{"rendered":"<p>Creo haber le\u00eddo o escuchado en alguna ocasi\u00f3n que en una tormenta se descargan miles de rayos de media. Siempre me pareci\u00f3 que esto era un poco exagerado en base a las tormentas que hab\u00eda visto. Desde que he presenciado las tormentas por esta zona he cambiado de idea. La \u00e9poca de lluvias se supone &hellip; <a href=\"https:\/\/www.andoafricando.com\/?p=374\" class=\"more-link\">Continue reading <span class=\"screen-reader-text\">Rayos y truenos<\/span><\/a><\/p>\n","protected":false},"author":1,"featured_media":0,"comment_status":"open","ping_status":"open","sticky":false,"template":"","format":"standard","meta":{"jetpack_post_was_ever_published":false,"_jetpack_newsletter_access":"","_jetpack_dont_email_post_to_subs":false,"_jetpack_newsletter_tier_id":0,"_jetpack_memberships_contains_paywalled_content":false,"_jetpack_memberships_contains_paid_content":false,"footnotes":"","jetpack_publicize_message":"","jetpack_publicize_feature_enabled":true,"jetpack_social_post_already_shared":false,"jetpack_social_options":{"image_generator_settings":{"template":"highway","enabled":false},"version":2}},"categories":[67],"tags":[74,8,75,76,6],"class_list":["post-374","post","type-post","status-publish","format-standard","hentry","category-burkina-faso","tag-africa","tag-andoafricando","tag-rayos","tag-truenos","tag-viaje-por-africa"],"jetpack_publicize_connections":[],"jetpack_featured_media_url":"","jetpack_sharing_enabled":true,"jetpack_shortlink":"https:\/\/wp.me\/p29EsV-62","_links":{"self":[{"href":"https:\/\/www.andoafricando.com\/index.php?rest_route=\/wp\/v2\/posts\/374","targetHints":{"allow":["GET"]}}],"collection":[{"href":"https:\/\/www.andoafricando.com\/index.php?rest_route=\/wp\/v2\/posts"}],"about":[{"href":"https:\/\/www.andoafricando.com\/index.php?rest_route=\/wp\/v2\/types\/post"}],"author":[{"embeddable":true,"href":"https:\/\/www.andoafricando.com\/index.php?rest_route=\/wp\/v2\/users\/1"}],"replies":[{"embeddable":true,"href":"https:\/\/www.andoafricando.com\/index.php?rest_route=%2Fwp%2Fv2%2Fcomments&post=374"}],"version-history":[{"count":3,"href":"https:\/\/www.andoafricando.com\/index.php?rest_route=\/wp\/v2\/posts\/374\/revisions"}],"predecessor-version":[{"id":382,"href":"https:\/\/www.andoafricando.com\/index.php?rest_route=\/wp\/v2\/posts\/374\/revisions\/382"}],"wp:attachment":[{"href":"https:\/\/www.andoafricando.com\/index.php?rest_route=%2Fwp%2Fv2%2Fmedia&parent=374"}],"wp:term":[{"taxonomy":"category","embeddable":true,"href":"https:\/\/www.andoafricando.com\/index.php?rest_route=%2Fwp%2Fv2%2Fcategories&post=374"},{"taxonomy":"post_tag","embeddable":true,"href":"https:\/\/www.andoafricando.com\/index.php?rest_route=%2Fwp%2Fv2%2Ftags&post=374"}],"curies":[{"name":"wp","href":"https:\/\/api.w.org\/{rel}","templated":true}]}}