{"id":398,"date":"2012-05-23T12:38:39","date_gmt":"2012-05-23T11:38:39","guid":{"rendered":"http:\/\/www.andoafricando.com\/?p=398"},"modified":"2012-05-23T12:38:40","modified_gmt":"2012-05-23T11:38:40","slug":"benin","status":"publish","type":"post","link":"https:\/\/www.andoafricando.com\/?p=398","title":{"rendered":"Dos semanas en Ben\u00edn"},"content":{"rendered":"<p style=\"text-align: justify;\"><a href=\"http:\/\/www.andoafricando.com\/2012\/05\/23\/benin\/dsc_0001-2\/\" rel=\"attachment wp-att-400\"><img loading=\"lazy\" decoding=\"async\" class=\"alignleft size-medium wp-image-400\" title=\"jabon\" src=\"http:\/\/www.andoafricando.com\/wp-content\/uploads\/2012\/05\/DSC_0001-2-300x201.jpg\" alt=\"carretera\" width=\"300\" height=\"201\" srcset=\"https:\/\/andoafricando.com\/wp-content\/uploads\/2012\/05\/DSC_0001-2-300x201.jpg 300w, https:\/\/andoafricando.com\/wp-content\/uploads\/2012\/05\/DSC_0001-2-447x300.jpg 447w, https:\/\/andoafricando.com\/wp-content\/uploads\/2012\/05\/DSC_0001-2.jpg 640w\" sizes=\"auto, (max-width: 300px) 100vw, 300px\" \/><\/a>Hemos pasado un par de semanas en Ben\u00edn. Como no ten\u00edamos claro hac\u00eda d\u00f3nde seguir o si darnos la vuelta y, en caso de regresar, si hacerlo en coche o en avi\u00f3n, decidimos establecernos en un lugar desde el que poder desplazarnos f\u00e1cilmente y no estar todos los d\u00edas cambiando de sitio como hasta ahora. El lugar elegido fue Ouidah que es una ciudad peque\u00f1a situada al lado de la costa y conectada con la historia del tr\u00e1fico de esclavos. Encontramos un albergue, El Jard\u00edn Brasile\u00f1o, que tiene habitaciones ventiladas (quiere esto decir que no son climatizadas sino que te dejan un ventilador) a un precio muy razonable, tiene restaurante, y tiene una piscina grande con agua de mar y est\u00e1 en primera l\u00ednea de playa.<\/p>\n<p style=\"text-align: justify;\">\n<a href=\"http:\/\/www.andoafricando.com\/2012\/05\/23\/benin\/dsc_0055\/\" rel=\"attachment wp-att-401\"><img loading=\"lazy\" decoding=\"async\" class=\"alignright size-medium wp-image-401\" title=\"ouidah\" src=\"http:\/\/www.andoafricando.com\/wp-content\/uploads\/2012\/05\/DSC_0055-300x201.jpg\" alt=\"\" width=\"300\" height=\"201\" srcset=\"https:\/\/andoafricando.com\/wp-content\/uploads\/2012\/05\/DSC_0055-300x201.jpg 300w, https:\/\/andoafricando.com\/wp-content\/uploads\/2012\/05\/DSC_0055-447x300.jpg 447w, https:\/\/andoafricando.com\/wp-content\/uploads\/2012\/05\/DSC_0055.jpg 640w\" sizes=\"auto, (max-width: 300px) 100vw, 300px\" \/><\/a>Al hotel s\u00f3lo se puede pedir que adem\u00e1s tuviera WiFi; mientras hemos estado en el hotel han trabajado en la instalaci\u00f3n de la red WiFi que deber\u00eda haber estado acabada hace una semana y suponemos que no estar\u00e1 en semanas o meses. Lo curioso de estos temas de retrasos en la entrega de bienes o servicios aqu\u00ed en \u00c1frica es que, a pesar de que es evidente que no se van a cumplir los plazos, tanto el que entrega como el cliente llevan a cabo una escenificaci\u00f3n en la que uno dice: \u201cno te preocupes ma\u00f1ana <a href=\"http:\/\/www.andoafricando.com\/2012\/05\/23\/benin\/dsc_0075-2\/\" rel=\"attachment wp-att-402\"><img loading=\"lazy\" decoding=\"async\" class=\"alignright size-medium wp-image-402\" title=\"playa\" src=\"http:\/\/www.andoafricando.com\/wp-content\/uploads\/2012\/05\/DSC_0075-300x201.jpg\" alt=\"\" width=\"300\" height=\"201\" srcset=\"https:\/\/andoafricando.com\/wp-content\/uploads\/2012\/05\/DSC_0075-300x201.jpg 300w, https:\/\/andoafricando.com\/wp-content\/uploads\/2012\/05\/DSC_0075-447x300.jpg 447w, https:\/\/andoafricando.com\/wp-content\/uploads\/2012\/05\/DSC_0075.jpg 640w\" sizes=\"auto, (max-width: 300px) 100vw, 300px\" \/><\/a>estar\u00e1 todo terminado\u201d, mientras piensa: \u201cni de co\u00f1a lo t\u00e9rmino para ma\u00f1ana\u201d, y el otro asiente como diciendo que no tiene dudas sobre la entrega mientras est\u00e1 pensando: \u201cno lo va a acabar ni ma\u00f1ana ni en un mes pero me tiene pillado por las pelotas y es mejor que nos llevemos bien al menos hasta que termine su trabajo\u201d. Un teatro en vivo con un toque localista muy interesante.<\/p>\n<p style=\"text-align: justify;\">\n<a href=\"http:\/\/www.andoafricando.com\/2012\/05\/23\/benin\/dsc_0105\/\" rel=\"attachment wp-att-403\"><img loading=\"lazy\" decoding=\"async\" class=\"alignleft size-medium wp-image-403\" title=\"pescador\" src=\"http:\/\/www.andoafricando.com\/wp-content\/uploads\/2012\/05\/DSC_0105-300x201.jpg\" alt=\"\" width=\"300\" height=\"201\" srcset=\"https:\/\/andoafricando.com\/wp-content\/uploads\/2012\/05\/DSC_0105-300x201.jpg 300w, https:\/\/andoafricando.com\/wp-content\/uploads\/2012\/05\/DSC_0105-447x300.jpg 447w, https:\/\/andoafricando.com\/wp-content\/uploads\/2012\/05\/DSC_0105.jpg 640w\" sizes=\"auto, (max-width: 300px) 100vw, 300px\" \/><\/a>Desde nuestro centro de operaciones hemos visitado varios lugares interesantes en Ben\u00edn. Un d\u00eda fuimos a Abomey, cuna de la cultura Dahomey que una vez domin\u00f3 casi toda el \u00c1frica Occidental. Los Dahomey ten\u00edan ej\u00e9rcitos de amazonas que devastaban los lugares que conquistaban y regresaban siempre con esclavos. Los esclavos eran intercambiados por baratijas que ven\u00edan de Europa y con este tr\u00e1fico el imperio se enriquec\u00eda y se hac\u00eda m\u00e1s fuerte. Los reyes Dahomey se sucedieron en unas quince dinast\u00edas desde el siglo XVII hasta casi nuestros d\u00edas. En Abomey quedan los palacios de cada rey ya que no heredaban el de sus padres sino que se constru\u00eda cada uno el suyo propio.<\/p>\n<p style=\"text-align: justify;\">\n<a href=\"http:\/\/www.andoafricando.com\/2012\/05\/23\/benin\/dsc_0152-2\/\" rel=\"attachment wp-att-404\"><img loading=\"lazy\" decoding=\"async\" class=\"alignright size-medium wp-image-404\" title=\"mujer\" src=\"http:\/\/www.andoafricando.com\/wp-content\/uploads\/2012\/05\/DSC_0152-2-300x201.jpg\" alt=\"canoa\" width=\"300\" height=\"201\" srcset=\"https:\/\/andoafricando.com\/wp-content\/uploads\/2012\/05\/DSC_0152-2-300x201.jpg 300w, https:\/\/andoafricando.com\/wp-content\/uploads\/2012\/05\/DSC_0152-2-447x300.jpg 447w, https:\/\/andoafricando.com\/wp-content\/uploads\/2012\/05\/DSC_0152-2.jpg 640w\" sizes=\"auto, (max-width: 300px) 100vw, 300px\" \/><\/a>Hemos ido varios d\u00edas a Cotonou. Cotonou es la capital de facto del pa\u00eds a pesar de que nominalmente sea Porto Novo. Cotonou es d\u00f3nde est\u00e1 el aeropuerto, las embajadas y casi todas las empresas importantes del pa\u00eds. Hay un tr\u00e1fico importante de coches de segunda mano en el puerto. Los coches vienen en barcos desde EEUU y son casi todos de gasolina y de cambio autom\u00e1tico. Con este panorama y unos precios bastante ajustados de los coches por la zona, nos ha sido imposible vender a Harmat\u00e1n como ten\u00edamos previsto para regresar en avi\u00f3n as\u00ed que creemos que regresaremos por carretera de nuevo.<\/p>\n<p style=\"text-align: justify;\">\n<a href=\"http:\/\/www.andoafricando.com\/2012\/05\/23\/benin\/dsc_0166-2\/\" rel=\"attachment wp-att-405\"><img loading=\"lazy\" decoding=\"async\" class=\"alignleft size-medium wp-image-405\" title=\"casa\" src=\"http:\/\/www.andoafricando.com\/wp-content\/uploads\/2012\/05\/DSC_0166-2-300x201.jpg\" alt=\"lago\" width=\"300\" height=\"201\" srcset=\"https:\/\/andoafricando.com\/wp-content\/uploads\/2012\/05\/DSC_0166-2-300x201.jpg 300w, https:\/\/andoafricando.com\/wp-content\/uploads\/2012\/05\/DSC_0166-2-447x300.jpg 447w, https:\/\/andoafricando.com\/wp-content\/uploads\/2012\/05\/DSC_0166-2.jpg 640w\" sizes=\"auto, (max-width: 300px) 100vw, 300px\" \/><\/a>Al norte de Cotonou hay un lago, Granvi\u00e9, que se forma en la desembocadura de un r\u00edo de nombre impronunciable. En el lago se han construido sus casas los pescadores desde tiempos inmemoriales. Las casas las construyen clavando los pilares en el lecho del lago y son casi todas de madera. Cada familia tiene tres piraguas para moverse, una para la pesca, otra para ir al mercado y otra para que los ni\u00f1os vayan a la escuela. Los ni\u00f1os manejan las piraguas desde edades bien tempranas y todo el mundo sabe lanzar una red para pescar. Es un modo de vida especializado en un entorno incomparable.<\/p>\n<p style=\"text-align: justify;\">\n<a href=\"http:\/\/www.andoafricando.com\/2012\/05\/23\/benin\/dsc_0085\/\" rel=\"attachment wp-att-406\"><img loading=\"lazy\" decoding=\"async\" class=\"alignright size-medium wp-image-406\" title=\"atardecer\" src=\"http:\/\/www.andoafricando.com\/wp-content\/uploads\/2012\/05\/DSC_0085-300x201.jpg\" alt=\"\" width=\"300\" height=\"201\" srcset=\"https:\/\/andoafricando.com\/wp-content\/uploads\/2012\/05\/DSC_0085-300x201.jpg 300w, https:\/\/andoafricando.com\/wp-content\/uploads\/2012\/05\/DSC_0085-447x300.jpg 447w, https:\/\/andoafricando.com\/wp-content\/uploads\/2012\/05\/DSC_0085.jpg 640w\" sizes=\"auto, (max-width: 300px) 100vw, 300px\" \/><\/a>Aparte de estos lugares, tambi\u00e9n fuimos a Porto Novo d\u00f3nde no hay demasiado que ver salvo el museo etnogr\u00e1fico con un mont\u00f3n de m\u00e1scaras y a Grand Popo que est\u00e1 en la playa camino a Togo y que no deja de ser un pueblo costero sin muchos alicientes a a\u00f1adir a la propia playa.<\/p>\n<p style=\"text-align: justify;\">\n<a href=\"http:\/\/www.andoafricando.com\/2012\/05\/23\/benin\/dsc_0030\/\" rel=\"attachment wp-att-407\"><img loading=\"lazy\" decoding=\"async\" class=\"alignleft size-medium wp-image-407\" title=\"benin\" src=\"http:\/\/www.andoafricando.com\/wp-content\/uploads\/2012\/05\/DSC_0030-300x200.jpg\" alt=\"arte moderno\" width=\"300\" height=\"200\" srcset=\"https:\/\/andoafricando.com\/wp-content\/uploads\/2012\/05\/DSC_0030-300x200.jpg 300w, https:\/\/andoafricando.com\/wp-content\/uploads\/2012\/05\/DSC_0030-448x300.jpg 448w, https:\/\/andoafricando.com\/wp-content\/uploads\/2012\/05\/DSC_0030.jpg 640w\" sizes=\"auto, (max-width: 300px) 100vw, 300px\" \/><\/a>Estar un tiempo en un mismo sitio nos ha ayudado a descansar y adem\u00e1s hemos tomado contacto con algunas personas locales. En el hotel todo el mundo conoce a Ulises y algunos hasta le dan de comer. En el pueblo tenemos nuestro cyber, donde vamos casi cada d\u00eda a conectarnos un rato, nuestro restaurante favorito d\u00f3nde jugamos con la hija de la due\u00f1a mientras llega la comida, el hotel d\u00f3nde todo el mundo nos conoce <a href=\"http:\/\/www.andoafricando.com\/2012\/05\/23\/benin\/dsc_0205\/\" rel=\"attachment wp-att-408\"><img loading=\"lazy\" decoding=\"async\" class=\"alignright size-medium wp-image-408\" title=\"lago\" src=\"http:\/\/www.andoafricando.com\/wp-content\/uploads\/2012\/05\/DSC_0205-300x201.jpg\" alt=\"\" width=\"300\" height=\"201\" srcset=\"https:\/\/andoafricando.com\/wp-content\/uploads\/2012\/05\/DSC_0205-300x201.jpg 300w, https:\/\/andoafricando.com\/wp-content\/uploads\/2012\/05\/DSC_0205-447x300.jpg 447w, https:\/\/andoafricando.com\/wp-content\/uploads\/2012\/05\/DSC_0205.jpg 640w\" sizes=\"auto, (max-width: 300px) 100vw, 300px\" \/><\/a>gracias a Ulises, nuestro proveedor de cr\u00e9dito para el m\u00f3vil, la se\u00f1ora que vende las pi\u00f1as, una peluquer\u00eda d\u00f3nde pasar el rato con las se\u00f1oras y un taller d\u00f3nde nos revisaron el coche un d\u00eda. Supongo que se podr\u00eda vivir muy bien en un sitio as\u00ed aunque ahora no es lo que toca y pronto emprenderemos el regreso.<\/p>\n","protected":false},"excerpt":{"rendered":"<p>Hemos pasado un par de semanas en Ben\u00edn. Como no ten\u00edamos claro hac\u00eda d\u00f3nde seguir o si darnos la vuelta y, en caso de regresar, si hacerlo en coche o en avi\u00f3n, decidimos establecernos en un lugar desde el que poder desplazarnos f\u00e1cilmente y no estar todos los d\u00edas cambiando de sitio como hasta ahora. &hellip; <a href=\"https:\/\/www.andoafricando.com\/?p=398\" class=\"more-link\">Continue reading <span class=\"screen-reader-text\">Dos semanas en Ben\u00edn<\/span><\/a><\/p>\n","protected":false},"author":1,"featured_media":0,"comment_status":"open","ping_status":"open","sticky":false,"template":"","format":"standard","meta":{"jetpack_post_was_ever_published":false,"_jetpack_newsletter_access":"","_jetpack_dont_email_post_to_subs":false,"_jetpack_newsletter_tier_id":0,"_jetpack_memberships_contains_paywalled_content":false,"_jetpack_memberships_contains_paid_content":false,"footnotes":"","jetpack_publicize_message":"","jetpack_publicize_feature_enabled":true,"jetpack_social_post_already_shared":false,"jetpack_social_options":{"image_generator_settings":{"template":"highway","enabled":false},"version":2}},"categories":[77],"tags":[81,83,82,84,5,6],"class_list":["post-398","post","type-post","status-publish","format-standard","hentry","category-benin","tag-benin-2","tag-cotonou","tag-lago","tag-ouidah","tag-viaje-en-coche","tag-viaje-por-africa"],"jetpack_publicize_connections":[],"jetpack_featured_media_url":"","jetpack_sharing_enabled":true,"jetpack_shortlink":"https:\/\/wp.me\/s29EsV-benin","_links":{"self":[{"href":"https:\/\/www.andoafricando.com\/index.php?rest_route=\/wp\/v2\/posts\/398","targetHints":{"allow":["GET"]}}],"collection":[{"href":"https:\/\/www.andoafricando.com\/index.php?rest_route=\/wp\/v2\/posts"}],"about":[{"href":"https:\/\/www.andoafricando.com\/index.php?rest_route=\/wp\/v2\/types\/post"}],"author":[{"embeddable":true,"href":"https:\/\/www.andoafricando.com\/index.php?rest_route=\/wp\/v2\/users\/1"}],"replies":[{"embeddable":true,"href":"https:\/\/www.andoafricando.com\/index.php?rest_route=%2Fwp%2Fv2%2Fcomments&post=398"}],"version-history":[{"count":3,"href":"https:\/\/www.andoafricando.com\/index.php?rest_route=\/wp\/v2\/posts\/398\/revisions"}],"predecessor-version":[{"id":411,"href":"https:\/\/www.andoafricando.com\/index.php?rest_route=\/wp\/v2\/posts\/398\/revisions\/411"}],"wp:attachment":[{"href":"https:\/\/www.andoafricando.com\/index.php?rest_route=%2Fwp%2Fv2%2Fmedia&parent=398"}],"wp:term":[{"taxonomy":"category","embeddable":true,"href":"https:\/\/www.andoafricando.com\/index.php?rest_route=%2Fwp%2Fv2%2Fcategories&post=398"},{"taxonomy":"post_tag","embeddable":true,"href":"https:\/\/www.andoafricando.com\/index.php?rest_route=%2Fwp%2Fv2%2Ftags&post=398"}],"curies":[{"name":"wp","href":"https:\/\/api.w.org\/{rel}","templated":true}]}}