{"id":431,"date":"2012-06-07T13:06:30","date_gmt":"2012-06-07T12:06:30","guid":{"rendered":"http:\/\/www.andoafricando.com\/?p=431"},"modified":"2013-02-15T20:18:10","modified_gmt":"2013-02-15T19:18:10","slug":"de-bamako-a-nuakchot","status":"publish","type":"post","link":"https:\/\/www.andoafricando.com\/?p=431","title":{"rendered":"De Bamako a Nuakchot"},"content":{"rendered":"<p style=\"text-align: justify;\"><a href=\"http:\/\/www.andoafricando.com\/2012\/06\/07\/de-bamako-a-nuakchot\/imgp6150\/\" rel=\"attachment wp-att-432\"><img loading=\"lazy\" decoding=\"async\" class=\"alignleft size-medium wp-image-432\" title=\"ni\u00f1o\" src=\"http:\/\/www.andoafricando.com\/wp-content\/uploads\/2012\/06\/IMGP6150-225x300.jpg\" alt=\"\" width=\"225\" height=\"300\" srcset=\"https:\/\/andoafricando.com\/wp-content\/uploads\/2012\/06\/IMGP6150-225x300.jpg 225w, https:\/\/andoafricando.com\/wp-content\/uploads\/2012\/06\/IMGP6150.jpg 480w\" sizes=\"auto, (max-width: 225px) 100vw, 225px\" \/><\/a>Salimos de Bamako el d\u00eda 30 de mayo a muy buena hora. A las seis y media de la ma\u00f1ana ya est\u00e1bamos en marcha. Para salir de la ciudad nos despistamos un poco, nos perdimos por la carretera que no era y a punto estuvimos de entrar en el palacio presidencial; con la que est\u00e1 cayendo en este pa\u00eds. Nos pararon los militares que vigilan el acceso y nos acompa\u00f1aron para indicarnos la ruta correcta. La latita hab\u00eda hecho unos cuantos kil\u00f3metros no previstos m\u00e1s la subida a la colina del palacio presidencial y hechaba un humo algo sospechoso que luego no hemos vuelto a ver.<\/p>\n<p style=\"text-align: justify;\"><a href=\"http:\/\/www.andoafricando.com\/2012\/06\/07\/de-bamako-a-nuakchot\/imgp6157\/\" rel=\"attachment wp-att-433\"><img loading=\"lazy\" decoding=\"async\" class=\"alignright size-medium wp-image-433\" title=\"jaime\" src=\"http:\/\/www.andoafricando.com\/wp-content\/uploads\/2012\/06\/IMGP6157-225x300.jpg\" alt=\"ulises\" width=\"225\" height=\"300\" srcset=\"https:\/\/andoafricando.com\/wp-content\/uploads\/2012\/06\/IMGP6157-225x300.jpg 225w, https:\/\/andoafricando.com\/wp-content\/uploads\/2012\/06\/IMGP6157.jpg 480w\" sizes=\"auto, (max-width: 225px) 100vw, 225px\" \/><\/a>Apenas a setenta kil\u00f3metros de Bamako reventamos una rueda. La cambiamos con los medios que ten\u00edamos y seguimos adelante en busca de un neum\u00e1tico para recambiar. Apenas a cien kil\u00f3metros encontramos neum\u00e1ticos de segunda mano; tuvimos que cambiar la rueda reventada y la de repuesto que en esos pocos kil\u00f3metros se hab\u00eda abierto y se ve\u00edan las lonas. La situaci\u00f3n no era precisamente divertida, llev\u00e1bamos apenas ciento setenta kil\u00f3metros, unas cinco o seis horas de viaje, hab\u00edamos destrozado dos ruedas y nos quedaban unos seis mil kil\u00f3metros de viaje. Las apuestas estaban claramente en nuestra contra en esos momentos.<\/p>\n<p style=\"text-align: justify;\"><a href=\"http:\/\/www.andoafricando.com\/2012\/06\/07\/de-bamako-a-nuakchot\/imgp6155\/\" rel=\"attachment wp-att-434\"><img loading=\"lazy\" decoding=\"async\" class=\"alignleft size-medium wp-image-434\" title=\"ana\" src=\"http:\/\/www.andoafricando.com\/wp-content\/uploads\/2012\/06\/IMGP6155-300x225.jpg\" alt=\"\" width=\"300\" height=\"225\" srcset=\"https:\/\/andoafricando.com\/wp-content\/uploads\/2012\/06\/IMGP6155-300x225.jpg 300w, https:\/\/andoafricando.com\/wp-content\/uploads\/2012\/06\/IMGP6155-400x300.jpg 400w, https:\/\/andoafricando.com\/wp-content\/uploads\/2012\/06\/IMGP6155.jpg 640w\" sizes=\"auto, (max-width: 300px) 100vw, 300px\" \/><\/a>A partir de ese momento, todo fue mejorando. Ya no volvimos a pinchar y s\u00f3lo hemos tenido un problemilla el\u00e9ctrico con un fusible que se funde de vez en cuando. Revisaremos el tema en cuanto podamos encontrar un mec\u00e1nico electricista de confianza. Hemos llegado a Nuakchot a unos mil quinientos kil\u00f3metros de Bamako despu\u00e9s de tres d\u00edas de carretera y de pasar por el mismo infierno. Al sur de Mauritania hay un tramo de carretera con baches terribles, polvo, viento de costado, las temperaturas rozan los 45\u00ba, no se encuentra agua fresca ni sombras y apenas hay poblaciones.<\/p>\n<p style=\"text-align: justify;\"><a href=\"http:\/\/www.andoafricando.com\/2012\/06\/07\/de-bamako-a-nuakchot\/imgp6156\/\" rel=\"attachment wp-att-435\"><img loading=\"lazy\" decoding=\"async\" class=\"alignright size-medium wp-image-435\" title=\"sergio\" src=\"http:\/\/www.andoafricando.com\/wp-content\/uploads\/2012\/06\/IMGP6156-300x225.jpg\" alt=\"teatro\" width=\"300\" height=\"225\" srcset=\"https:\/\/andoafricando.com\/wp-content\/uploads\/2012\/06\/IMGP6156-300x225.jpg 300w, https:\/\/andoafricando.com\/wp-content\/uploads\/2012\/06\/IMGP6156-400x300.jpg 400w, https:\/\/andoafricando.com\/wp-content\/uploads\/2012\/06\/IMGP6156.jpg 640w\" sizes=\"auto, (max-width: 300px) 100vw, 300px\" \/><\/a>Llevamos unos d\u00edas en Nuakchot, estamos ayudando a Sergio con el montaje de una obra de teatro que van a representar en dos escuelas de un barrio perif\u00e9rico de la ciudad. Nos vamos a quedar hasta que se represente la obra en el primer colegio y luego seguiremos ruta hacia el norte. Hemos revisado un par de cosas de la latita que no estaban funcionando a la perfecci\u00f3n y ahora parece estar ya lista para lo que queda. Veremos si es cierto o no en unos cuantos d\u00edas.<\/p>\n<p style=\"text-align: justify;\">Ulises se ha rencontrado con su padrino Jaime. Fue un momento muy emotivo, Ulises casi se disloca la cola de tanto agitarla al viento y Jaime estuvo a punto de echar una lagrimita. Es curioso como reconoce a toda la gente con la que ha convivido en alg\u00fan momento aunque sea por poco tiempo. Al llegar a la casa de Ana y Pablo se volvi\u00f3 loco de contento y empez\u00f3 a ladrar para que se dieran cuenta de su presencia y llamar la atenci\u00f3n. No ladra nunca como lo hizo al llegar a Nuakchot. No deja de ser su lugar de origen y d\u00f3nde se ha formado como perro.<\/p>\n<p style=\"text-align: justify;\"><a href=\"http:\/\/www.andoafricando.com\/2012\/06\/07\/de-bamako-a-nuakchot\/imgp6140\/\" rel=\"attachment wp-att-437\"><img loading=\"lazy\" decoding=\"async\" class=\"alignright size-medium wp-image-437\" title=\"pablo\" src=\"http:\/\/www.andoafricando.com\/wp-content\/uploads\/2012\/06\/IMGP6140-300x225.jpg\" alt=\"corderos\" width=\"300\" height=\"225\" srcset=\"https:\/\/andoafricando.com\/wp-content\/uploads\/2012\/06\/IMGP6140-300x225.jpg 300w, https:\/\/andoafricando.com\/wp-content\/uploads\/2012\/06\/IMGP6140-400x300.jpg 400w, https:\/\/andoafricando.com\/wp-content\/uploads\/2012\/06\/IMGP6140.jpg 640w\" sizes=\"auto, (max-width: 300px) 100vw, 300px\" \/><\/a>Esta tarde, y durante dos o tres d\u00edas, es la boda de Samba. Algunos ya sabr\u00e9is qui\u00e9n es Samba si seguisteis el <a title=\"Viaje en bicicleta\" href=\"http:\/\/www.andopedaleando.es\/\" target=\"_blank\">http:\/\/www.andopedaleando.es\/<\/a>, para el resto os dir\u00e9 que se trata del pescador senegal\u00e9s que ayudo al oso pardo a cruzar la frontera entre Senegal y Mauritania de forma clandestina. De no haber sido por Samba, la historia hubiera sido muy diferente y probablemente con un final menos feliz. Con motivo de la boda, Pablo y Ana le han regalado un par de corderos que compramos en un mercado local de ganado. Todo un mundo el de los corderos en Mauritania. Aparte de esto, hemos decorado un poco la furgoneta de Pablo para ir a recoger a la novia. Esta tarde estaremos de boda. En este caso, s\u00ed podemos decir que no tenemos nada que ponernos y que no suene a frase hecha; aun as\u00ed nos apa\u00f1aremos con lo que hay.<\/p>\n<p style=\"text-align: justify;\"><a href=\"http:\/\/www.andoafricando.com\/2012\/06\/07\/de-bamako-a-nuakchot\/imgp6144\/\" rel=\"attachment wp-att-438\"><img loading=\"lazy\" decoding=\"async\" class=\"alignleft size-medium wp-image-438\" title=\"ni\u00f1os\" src=\"http:\/\/www.andoafricando.com\/wp-content\/uploads\/2012\/06\/IMGP6144-300x225.jpg\" alt=\"\" width=\"300\" height=\"225\" srcset=\"https:\/\/andoafricando.com\/wp-content\/uploads\/2012\/06\/IMGP6144-300x225.jpg 300w, https:\/\/andoafricando.com\/wp-content\/uploads\/2012\/06\/IMGP6144-400x300.jpg 400w, https:\/\/andoafricando.com\/wp-content\/uploads\/2012\/06\/IMGP6144.jpg 640w\" sizes=\"auto, (max-width: 300px) 100vw, 300px\" \/><\/a>A partir de Nuakchot tenemos un par de paradas inexcusables en Rabat y en Jerez de la Frontera. El resto del viaje lo intentaremos hacer sin prisas (la latita no avanza a m\u00e1s de 70 kms\/hora ni cuesta abajo) pero son pausa. Hemos estimado que nos quedan unas sesenta o setenta horas de carretera a las medias de velocidad que hacemos. Esperamos que al menos las temperaturas sean m\u00e1s aceptables por la parte del Sahara Occidental y que no haya mayores contratiempos.<\/p>\n","protected":false},"excerpt":{"rendered":"<p>Salimos de Bamako el d\u00eda 30 de mayo a muy buena hora. A las seis y media de la ma\u00f1ana ya est\u00e1bamos en marcha. Para salir de la ciudad nos despistamos un poco, nos perdimos por la carretera que no era y a punto estuvimos de entrar en el palacio presidencial; con la que est\u00e1 &hellip; <a href=\"https:\/\/www.andoafricando.com\/?p=431\" class=\"more-link\">Continue reading <span class=\"screen-reader-text\">De Bamako a Nuakchot<\/span><\/a><\/p>\n","protected":false},"author":1,"featured_media":0,"comment_status":"open","ping_status":"open","sticky":false,"template":"","format":"standard","meta":{"jetpack_post_was_ever_published":false,"_jetpack_newsletter_access":"","_jetpack_dont_email_post_to_subs":false,"_jetpack_newsletter_tier_id":0,"_jetpack_memberships_contains_paywalled_content":false,"_jetpack_memberships_contains_paid_content":false,"footnotes":"","jetpack_publicize_message":"","jetpack_publicize_feature_enabled":true,"jetpack_social_post_already_shared":false,"jetpack_social_options":{"image_generator_settings":{"template":"highway","enabled":false},"version":2}},"categories":[86],"tags":[26,89,88,15,5],"class_list":["post-431","post","type-post","status-publish","format-standard","hentry","category-regreso","tag-bamako","tag-dos-caballos","tag-la-latita","tag-nuakchot","tag-viaje-en-coche"],"jetpack_publicize_connections":[],"jetpack_featured_media_url":"","jetpack_sharing_enabled":true,"jetpack_shortlink":"https:\/\/wp.me\/p29EsV-6X","_links":{"self":[{"href":"https:\/\/www.andoafricando.com\/index.php?rest_route=\/wp\/v2\/posts\/431","targetHints":{"allow":["GET"]}}],"collection":[{"href":"https:\/\/www.andoafricando.com\/index.php?rest_route=\/wp\/v2\/posts"}],"about":[{"href":"https:\/\/www.andoafricando.com\/index.php?rest_route=\/wp\/v2\/types\/post"}],"author":[{"embeddable":true,"href":"https:\/\/www.andoafricando.com\/index.php?rest_route=\/wp\/v2\/users\/1"}],"replies":[{"embeddable":true,"href":"https:\/\/www.andoafricando.com\/index.php?rest_route=%2Fwp%2Fv2%2Fcomments&post=431"}],"version-history":[{"count":4,"href":"https:\/\/www.andoafricando.com\/index.php?rest_route=\/wp\/v2\/posts\/431\/revisions"}],"predecessor-version":[{"id":441,"href":"https:\/\/www.andoafricando.com\/index.php?rest_route=\/wp\/v2\/posts\/431\/revisions\/441"}],"wp:attachment":[{"href":"https:\/\/www.andoafricando.com\/index.php?rest_route=%2Fwp%2Fv2%2Fmedia&parent=431"}],"wp:term":[{"taxonomy":"category","embeddable":true,"href":"https:\/\/www.andoafricando.com\/index.php?rest_route=%2Fwp%2Fv2%2Fcategories&post=431"},{"taxonomy":"post_tag","embeddable":true,"href":"https:\/\/www.andoafricando.com\/index.php?rest_route=%2Fwp%2Fv2%2Ftags&post=431"}],"curies":[{"name":"wp","href":"https:\/\/api.w.org\/{rel}","templated":true}]}}