{"id":47,"date":"2012-02-19T22:52:00","date_gmt":"2012-02-19T21:52:00","guid":{"rendered":"http:\/\/www.andoafricando.com\/?p=47"},"modified":"2012-02-20T15:39:49","modified_gmt":"2012-02-20T14:39:49","slug":"una-semana-en-nouadhibou","status":"publish","type":"post","link":"https:\/\/www.andoafricando.com\/?p=47","title":{"rendered":"Una semana en Nouadhibou"},"content":{"rendered":"<p style=\"text-align: justify;\"><a href=\"http:\/\/www.andoafricando.com\/2012\/02\/19\/una-semana-en-nouadhibou\/p1130194\/\" rel=\"attachment wp-att-48\"><img loading=\"lazy\" decoding=\"async\" class=\"alignleft size-medium wp-image-48\" title=\"Maurien nouadhibou\" src=\"http:\/\/www.andoafricando.com\/wp-content\/uploads\/2012\/02\/P1130194-300x225.jpg\" alt=\"casa \" width=\"300\" height=\"225\" srcset=\"https:\/\/andoafricando.com\/wp-content\/uploads\/2012\/02\/P1130194-300x225.jpg 300w, https:\/\/andoafricando.com\/wp-content\/uploads\/2012\/02\/P1130194-1024x768.jpg 1024w, https:\/\/andoafricando.com\/wp-content\/uploads\/2012\/02\/P1130194-400x300.jpg 400w\" sizes=\"auto, (max-width: 300px) 100vw, 300px\" \/><\/a>Hemos pasado ya una semana en Mauritania y llega el momento de ir contando las cosas que nos van pasando y lo que hemos hecho en estos d\u00edas.\u00a0 En Nouadhibou nos alojamos en casa de Sergio, el antiguo compa\u00f1ero de casa de Ana Berta, y, por tanto, estuvimos en la antigua casa de Ana Berta. Las casas que tienen los cooperantes, y los blancos en general en Mauritania, son casas muy grandes, de una sola planta generalmente y\u00a0en barrios de cierto nivel sin olvidar que esto es Mauritania y no te puedes esperar las comodidades a las que estamos acostumbrados en los pa\u00edses occidentales.<\/p>\n<p style=\"text-align: justify;\"><a href=\"http:\/\/www.andoafricando.com\/2012\/02\/19\/una-semana-en-nouadhibou\/p1130245\/\" rel=\"attachment wp-att-49\"><img loading=\"lazy\" decoding=\"async\" class=\"alignright size-medium wp-image-49\" title=\"ni\u00f1os\" src=\"http:\/\/www.andoafricando.com\/wp-content\/uploads\/2012\/02\/P1130245-300x225.jpg\" alt=\"calle en Nouadhibou\" width=\"300\" height=\"225\" srcset=\"https:\/\/andoafricando.com\/wp-content\/uploads\/2012\/02\/P1130245-300x225.jpg 300w, https:\/\/andoafricando.com\/wp-content\/uploads\/2012\/02\/P1130245-1024x768.jpg 1024w, https:\/\/andoafricando.com\/wp-content\/uploads\/2012\/02\/P1130245-400x300.jpg 400w\" sizes=\"auto, (max-width: 300px) 100vw, 300px\" \/><\/a>Esta semana pasada en Nouadhibou hemos dejado a Harmat\u00e1n aparcado en el garaje de Sergio y nos hemos movido en bicicleta por la ciudad. En general, cuando te mueves por estos parajes en bici, hay siempre un trayecto que cuesta mucho hacer con el viento en contra y otro que es una gozada con el viento a favor. Las calles est\u00e1n en su mayor\u00eda cubiertas de arena con ni\u00f1os jugando con ruedas y gentes de lo m\u00e1s variopinto que van a hacer sus cosas.\u00a0En ocasiones te preguntas\u00a0qu\u00e9 son esas cosas que van a hacer; supongo que es inmiscuirse en sus vidas demasiado y que adem\u00e1s no hace falta saberlo todo.<\/p>\n<p style=\"text-align: justify;\">Durante esta semana en Nouadhibou hemos realizado un curso de Excel para la gente de la oficina de Habitafrica y una peque\u00f1a introducci\u00f3n en el programa para uno de los chicos que trabajan con Sergio en el polo de desarrollo de Hay Madrid. Ana Berta ha hecho traspaso de informaci\u00f3n a Sergio (otro Sergio nuevo, no el de antes) para que se entere un poco mejor de los procesos en marcha en la oficina y de la forma de trabajar que se ha llevado<a href=\"http:\/\/www.andoafricando.com\/2012\/02\/19\/una-semana-en-nouadhibou\/p1130254\/\" rel=\"attachment wp-att-50\"><img loading=\"lazy\" decoding=\"async\" class=\"alignleft size-medium wp-image-50\" title=\"ni\u00f1a\" src=\"http:\/\/www.andoafricando.com\/wp-content\/uploads\/2012\/02\/P1130254-225x300.jpg\" alt=\"\" width=\"225\" height=\"300\" srcset=\"https:\/\/andoafricando.com\/wp-content\/uploads\/2012\/02\/P1130254-225x300.jpg 225w, https:\/\/andoafricando.com\/wp-content\/uploads\/2012\/02\/P1130254-768x1024.jpg 768w\" sizes=\"auto, (max-width: 225px) 100vw, 225px\" \/><\/a> hasta ahora. A partir de aqu\u00ed ser\u00e1 \u00e9l quien decida c\u00f3mo se debe continuar. Todos creemos que lo va a hacer muy bien y le deseamos mucha suerte. Nerea ha ayudado a Sergio (el primero) con sus temas de formaci\u00f3n de un grupo o asociaci\u00f3n que pueda seguir realizando actividades para ni\u00f1os y j\u00f3venes en el polo de desarrollo. Aparte de esto hemos estado con varios amigos y conocidos y hemos pasado ratos agradables con gentes de bien.<\/p>\n<p style=\"text-align: justify;\"><a href=\"http:\/\/www.andoafricando.com\/2012\/02\/19\/una-semana-en-nouadhibou\/dsc_0155\/\" rel=\"attachment wp-att-56\"><img loading=\"lazy\" decoding=\"async\" class=\"alignright size-medium wp-image-56\" title=\"ulises\" src=\"http:\/\/www.andoafricando.com\/wp-content\/uploads\/2012\/02\/DSC_0155-300x200.jpg\" alt=\"banc d\u00b4arguin\" width=\"300\" height=\"200\" srcset=\"https:\/\/andoafricando.com\/wp-content\/uploads\/2012\/02\/DSC_0155-300x200.jpg 300w, https:\/\/andoafricando.com\/wp-content\/uploads\/2012\/02\/DSC_0155-1024x685.jpg 1024w, https:\/\/andoafricando.com\/wp-content\/uploads\/2012\/02\/DSC_0155-448x300.jpg 448w, https:\/\/andoafricando.com\/wp-content\/uploads\/2012\/02\/DSC_0155.jpg 1936w\" sizes=\"auto, (max-width: 300px) 100vw, 300px\" \/><\/a>Como lo pasamos muy bien le fin de semana anterior pescando y relaj\u00e1ndonos en Banc d\u00b4Arguin. Este fin de semana se nos di\u00f3 muy bien la pesca. Los pescadores cobraron cerca de veinte samas, un at\u00fan y una r\u00e9mora y un pez gato que devolvimos al marSe acercaron Ana Vicenta y Pablo desde Nuakchot con los primos Marie y Alberto y con Ulises. Hay que ver lo que ha crecido Ulises. Est\u00e1 ya a punto de llegar a la adolescencia de los perros. Estos meses lo ha cuidado Jaime y lo ha hecho de maravilla. Ulises se porta muy bien y creemos que no habr\u00e1 problema en que viaje con nosotros por el continente africano.<\/p>\n<p style=\"text-align: justify;\"><a href=\"http:\/\/www.andoafricando.com\/2012\/02\/19\/una-semana-en-nouadhibou\/dsc_0157\/\" rel=\"attachment wp-att-59\"><img loading=\"lazy\" decoding=\"async\" class=\"alignleft size-medium wp-image-59\" title=\"campamento\" src=\"http:\/\/www.andoafricando.com\/wp-content\/uploads\/2012\/02\/DSC_0157-300x200.jpg\" alt=\"banc d\u00b4arguin\" width=\"300\" height=\"200\" srcset=\"https:\/\/andoafricando.com\/wp-content\/uploads\/2012\/02\/DSC_0157-300x200.jpg 300w, https:\/\/andoafricando.com\/wp-content\/uploads\/2012\/02\/DSC_0157-1024x685.jpg 1024w, https:\/\/andoafricando.com\/wp-content\/uploads\/2012\/02\/DSC_0157-448x300.jpg 448w, https:\/\/andoafricando.com\/wp-content\/uploads\/2012\/02\/DSC_0157.jpg 1936w\" sizes=\"auto, (max-width: 300px) 100vw, 300px\" \/><\/a>Ahora estamos en Nuakchot donde ultimaremos los preparativos para viajar a Mali. Necesitamos el visado y un seguro para el coche. \u00a0Cargaremos una garrafa de agua y quiz\u00e1s una de gasoil. Vamos a tintar las lunas de atr\u00e1s para evitar el calor y ganar en privacidad. Nerea ha decidido seguir el viaje hasta Mali para conocer otro pa\u00eds un poco m\u00e1s al Sur. Aprovecharemos estos d\u00edas para rencontrarnos con algunos de los amigos que dejamos aqu\u00ed en la \u00faltima visita y llevarnos contactos e indicaciones para las pr\u00f3ximas etapas.<\/p>\n<p style=\"text-align: justify;\">Os dejo unas fotos de las jornadas de pesca:<\/p>\n<p style=\"text-align: justify;\"><a href=\"http:\/\/www.andoafricando.com\/2012\/02\/19\/una-semana-en-nouadhibou\/dsc_0162\/\" rel=\"attachment wp-att-60\"><img loading=\"lazy\" decoding=\"async\" class=\"alignleft size-medium wp-image-60\" title=\"pescadores\" src=\"http:\/\/www.andoafricando.com\/wp-content\/uploads\/2012\/02\/DSC_0162-300x200.jpg\" alt=\"banc d\u00b4arguin\" width=\"255\" height=\"159\" \/><\/a><a href=\"http:\/\/www.andoafricando.com\/2012\/02\/19\/una-semana-en-nouadhibou\/dsc_0200\/\" rel=\"attachment wp-att-61\"><img loading=\"lazy\" decoding=\"async\" class=\"alignright size-medium wp-image-61\" title=\"pablo y sergio\" src=\"http:\/\/www.andoafricando.com\/wp-content\/uploads\/2012\/02\/DSC_0200-200x300.jpg\" alt=\"pescadores\" width=\"196\" height=\"287\" \/><\/a><a href=\"http:\/\/www.andoafricando.com\/2012\/02\/19\/una-semana-en-nouadhibou\/p1130322\/\" rel=\"attachment wp-att-64\"><img loading=\"lazy\" decoding=\"async\" class=\"alignleft size-medium wp-image-64\" title=\"fadel\" src=\"http:\/\/www.andoafricando.com\/wp-content\/uploads\/2012\/02\/P1130322-300x225.jpg\" alt=\"pesca\" width=\"258\" height=\"190\" \/><\/a><\/p>\n","protected":false},"excerpt":{"rendered":"<p>Hemos pasado ya una semana en Mauritania y llega el momento de ir contando las cosas que nos van pasando y lo que hemos hecho en estos d\u00edas.\u00a0 En Nouadhibou nos alojamos en casa de Sergio, el antiguo compa\u00f1ero de casa de Ana Berta, y, por tanto, estuvimos en la antigua casa de Ana Berta. &hellip; <a href=\"https:\/\/www.andoafricando.com\/?p=47\" class=\"more-link\">Continue reading <span class=\"screen-reader-text\">Una semana en Nouadhibou<\/span><\/a><\/p>\n","protected":false},"author":1,"featured_media":0,"comment_status":"open","ping_status":"open","sticky":false,"template":"","format":"standard","meta":{"jetpack_post_was_ever_published":false,"_jetpack_newsletter_access":"","_jetpack_dont_email_post_to_subs":false,"_jetpack_newsletter_tier_id":0,"_jetpack_memberships_contains_paywalled_content":false,"_jetpack_memberships_contains_paid_content":false,"footnotes":"","jetpack_publicize_message":"","jetpack_publicize_feature_enabled":true,"jetpack_social_post_already_shared":false,"jetpack_social_options":{"image_generator_settings":{"template":"highway","enabled":false},"version":2}},"categories":[3],"tags":[9,13,10],"class_list":["post-47","post","type-post","status-publish","format-standard","hentry","category-mauritania","tag-banc-darguin","tag-nouadhibou","tag-pesca"],"jetpack_publicize_connections":[],"jetpack_featured_media_url":"","jetpack_sharing_enabled":true,"jetpack_shortlink":"https:\/\/wp.me\/p29EsV-L","_links":{"self":[{"href":"https:\/\/www.andoafricando.com\/index.php?rest_route=\/wp\/v2\/posts\/47","targetHints":{"allow":["GET"]}}],"collection":[{"href":"https:\/\/www.andoafricando.com\/index.php?rest_route=\/wp\/v2\/posts"}],"about":[{"href":"https:\/\/www.andoafricando.com\/index.php?rest_route=\/wp\/v2\/types\/post"}],"author":[{"embeddable":true,"href":"https:\/\/www.andoafricando.com\/index.php?rest_route=\/wp\/v2\/users\/1"}],"replies":[{"embeddable":true,"href":"https:\/\/www.andoafricando.com\/index.php?rest_route=%2Fwp%2Fv2%2Fcomments&post=47"}],"version-history":[{"count":23,"href":"https:\/\/www.andoafricando.com\/index.php?rest_route=\/wp\/v2\/posts\/47\/revisions"}],"predecessor-version":[{"id":55,"href":"https:\/\/www.andoafricando.com\/index.php?rest_route=\/wp\/v2\/posts\/47\/revisions\/55"}],"wp:attachment":[{"href":"https:\/\/www.andoafricando.com\/index.php?rest_route=%2Fwp%2Fv2%2Fmedia&parent=47"}],"wp:term":[{"taxonomy":"category","embeddable":true,"href":"https:\/\/www.andoafricando.com\/index.php?rest_route=%2Fwp%2Fv2%2Fcategories&post=47"},{"taxonomy":"post_tag","embeddable":true,"href":"https:\/\/www.andoafricando.com\/index.php?rest_route=%2Fwp%2Fv2%2Ftags&post=47"}],"curies":[{"name":"wp","href":"https:\/\/api.w.org\/{rel}","templated":true}]}}