{"id":99,"date":"2012-03-01T18:35:21","date_gmt":"2012-03-01T17:35:21","guid":{"rendered":"http:\/\/www.andoafricando.com\/?p=99"},"modified":"2012-03-01T20:07:07","modified_gmt":"2012-03-01T19:07:07","slug":"de-nuakchot-a-kiffa","status":"publish","type":"post","link":"https:\/\/www.andoafricando.com\/?p=99","title":{"rendered":"De Nuakchot a Kiffa"},"content":{"rendered":"<p style=\"text-align: justify;\"><a href=\"http:\/\/www.andoafricando.com\/2012\/03\/01\/de-nuakchot-a-kiffa\/dsc_0087\/\" rel=\"attachment wp-att-100\"><img loading=\"lazy\" decoding=\"async\" class=\"alignleft size-medium wp-image-100\" title=\"ruta\" src=\"http:\/\/www.andoafricando.com\/wp-content\/uploads\/2012\/03\/DSC_0087-300x200.jpg\" alt=\"carretera\" width=\"300\" height=\"200\" srcset=\"https:\/\/andoafricando.com\/wp-content\/uploads\/2012\/03\/DSC_0087-300x200.jpg 300w, https:\/\/andoafricando.com\/wp-content\/uploads\/2012\/03\/DSC_0087-1024x685.jpg 1024w, https:\/\/andoafricando.com\/wp-content\/uploads\/2012\/03\/DSC_0087-448x300.jpg 448w, https:\/\/andoafricando.com\/wp-content\/uploads\/2012\/03\/DSC_0087.jpg 1936w\" sizes=\"auto, (max-width: 300px) 100vw, 300px\" \/><\/a>Despu\u00e9s de una semana de\u00a0 visitas y despedidas en Nuakchot, salimos ayer con destino Bamako en Mali. Han sido unos d\u00edas de preparativos y reuniones con amigos, para ultimar los detalles\u00a0del viaje y decir hasta luego a los buenos amigos que dejamos en Mauritania. Nos veremos en unos meses, a la vuelta del viaje por \u00c1frica, inshal\u00e1.<\/p>\n<p style=\"text-align: justify;\"><a href=\"http:\/\/www.andoafricando.com\/2012\/03\/01\/de-nuakchot-a-kiffa\/imgp5988\/\" rel=\"attachment wp-att-101\"><img loading=\"lazy\" decoding=\"async\" class=\"alignright size-medium wp-image-101\" title=\"pozo\" src=\"http:\/\/www.andoafricando.com\/wp-content\/uploads\/2012\/03\/IMGP5988-300x225.jpg\" alt=\"ganado\" width=\"300\" height=\"225\" srcset=\"https:\/\/andoafricando.com\/wp-content\/uploads\/2012\/03\/IMGP5988-300x225.jpg 300w, https:\/\/andoafricando.com\/wp-content\/uploads\/2012\/03\/IMGP5988-400x300.jpg 400w, https:\/\/andoafricando.com\/wp-content\/uploads\/2012\/03\/IMGP5988.jpg 640w\" sizes=\"auto, (max-width: 300px) 100vw, 300px\" \/><\/a>El primer d\u00eda de ruta hab\u00edamos planeado llegar a Nkeiba, una especie de oasis en el desierto, desvi\u00e1ndonos unos cincuenta kil\u00f3metros de la ruta entre las poblaciones de Aleg y Kiffa. El caso es que nos pasamos el cruce y por no volver atr\u00e1s,\u00a0optamos por\u00a0seguir la ruta hacia Kiffa sin desviarnos. Como se nos hizo de noche en la ruta decidimos poner la tienda en alg\u00fan lugar tranquilo cerca de un pueblo y dormir all\u00ed mismo. El destino quiso que el pueblo elegido fuera El Ghaira (no os molest\u00e9is en buscarlo en el mapa) y el lugar, una especie de patio que limita una central de producci\u00f3n el\u00e9ctrica.<\/p>\n<p style=\"text-align: justify;\"><a href=\"http:\/\/www.andoafricando.com\/2012\/03\/01\/de-nuakchot-a-kiffa\/imgp5949\/\" rel=\"attachment wp-att-102\"><img loading=\"lazy\" decoding=\"async\" class=\"alignleft size-medium wp-image-102\" title=\"central electrica\" src=\"http:\/\/www.andoafricando.com\/wp-content\/uploads\/2012\/03\/IMGP5949-300x225.jpg\" alt=\"tienda\" width=\"300\" height=\"225\" srcset=\"https:\/\/andoafricando.com\/wp-content\/uploads\/2012\/03\/IMGP5949-300x225.jpg 300w, https:\/\/andoafricando.com\/wp-content\/uploads\/2012\/03\/IMGP5949-400x300.jpg 400w, https:\/\/andoafricando.com\/wp-content\/uploads\/2012\/03\/IMGP5949.jpg 640w\" sizes=\"auto, (max-width: 300px) 100vw, 300px\" \/><\/a>Llegamos a la central y preguntamos al guardi\u00e1n si pod\u00edamos poner la tienda all\u00ed. Ocurri\u00f3 justo lo que suele suceder en estos casos en cualquier pa\u00eds occidental. Hamed, el guardi\u00e1n, nos indic\u00f3 un siti\u00f3 con arena para poner la tienda y dormir en lugar lo m\u00e1s blando posible, nos invit\u00f3 a un t\u00e9, los compa\u00f1eros quitaron la luz de su casa para intentar alumbrar la zona donde tomamos el t\u00e9 y una cena de emergencia, y nos acogieron de la mejor manera para hacernos sentir en lugar seguro y casi como en familia. Supongo que a cualquiera le ha pasado esto alguna vez en Espa\u00f1a, \u00bfno?<\/p>\n<p style=\"text-align: justify;\"><a href=\"http:\/\/www.andoafricando.com\/2012\/03\/01\/de-nuakchot-a-kiffa\/imgp5937\/\" rel=\"attachment wp-att-103\"><img loading=\"lazy\" decoding=\"async\" class=\"alignright size-medium wp-image-103\" title=\"te\" src=\"http:\/\/www.andoafricando.com\/wp-content\/uploads\/2012\/03\/IMGP5937-300x225.jpg\" alt=\"central electrica\" width=\"300\" height=\"225\" srcset=\"https:\/\/andoafricando.com\/wp-content\/uploads\/2012\/03\/IMGP5937-300x225.jpg 300w, https:\/\/andoafricando.com\/wp-content\/uploads\/2012\/03\/IMGP5937-400x300.jpg 400w, https:\/\/andoafricando.com\/wp-content\/uploads\/2012\/03\/IMGP5937.jpg 640w\" sizes=\"auto, (max-width: 300px) 100vw, 300px\" \/><\/a>La velada fue tranquila, tomando t\u00e9, contemplando las estrellas y contando algunas historias. Ana Berta se encarg\u00f3 de tirar de la lengua a Hamed para que nos contara cosas de su vida y del lugar. Nos cont\u00f3 la historia de una novia que hab\u00eda tenido en Nuakchot y que hab\u00eda dejado por encontrarla en el mercado con un amigo suyo. Hamed hab\u00eda querido mucho a aquella chica pero la estaba olvidando y ahora se dedica a trabajar en varias cosas para poder juntar el dinero necesario para poder casarse. Ya sabemos todos que las mujeres quieren cosas y para poder casarse hay que tener cierta solvencia econ\u00f3mica. Como se dice en Castilla: \u201cel casado, casa quiere\u201d. Esto se lleva a rajatabla por aqu\u00ed y aunque culturalmente nos choque un poco, no est\u00e1 tan lejos de lo que pasa en nuestro pa\u00eds y lo que se ha vivido hace no muchos a\u00f1os.<\/p>\n<p style=\"text-align: justify;\"><a href=\"http:\/\/www.andoafricando.com\/2012\/03\/01\/de-nuakchot-a-kiffa\/dsc_0121\/\" rel=\"attachment wp-att-104\"><img loading=\"lazy\" decoding=\"async\" class=\"alignleft size-medium wp-image-104\" title=\"hamed\" src=\"http:\/\/www.andoafricando.com\/wp-content\/uploads\/2012\/03\/DSC_0121-200x300.jpg\" alt=\"cocodrilo\" width=\"200\" height=\"300\" srcset=\"https:\/\/andoafricando.com\/wp-content\/uploads\/2012\/03\/DSC_0121-200x300.jpg 200w, https:\/\/andoafricando.com\/wp-content\/uploads\/2012\/03\/DSC_0121-685x1024.jpg 685w, https:\/\/andoafricando.com\/wp-content\/uploads\/2012\/03\/DSC_0121.jpg 1296w\" sizes=\"auto, (max-width: 200px) 100vw, 200px\" \/><\/a>Por la ma\u00f1ana Hamed nos ha llevado a un lugar cerca de las monta\u00f1as d\u00f3nde mana agua todo el a\u00f1o. Es el lugar en el que lava la ropa la gente del pueblo; el agua estaba llena de jab\u00f3n hasta casi el mismo manantial. Seg\u00fan Hamed, hay un cocodrilo que vive en esa especie de charco de agua embalsada. El cocodrilo se esconde, seg\u00fan Hamed, debajo de una roca enorme y s\u00f3lo sale en contadas ocasiones aunque puede comerse a una cabra o una persona con facilidad ya que es un cocodrilo realmente grande. Obviamente, all\u00ed no hay cocodrilo, no es posible que lo haya, pero Hamed afirma haberlo visto varias veces. Lo \u00fanico que vimos nosotros fueron varias cabras y un par de lagartos no demasiado grandes; imposible que fueran las cr\u00edas del cocodrilo.<\/p>\n<p style=\"text-align: justify;\"><a href=\"http:\/\/www.andoafricando.com\/2012\/03\/01\/de-nuakchot-a-kiffa\/dsc_0136\/\" rel=\"attachment wp-att-105\"><img loading=\"lazy\" decoding=\"async\" class=\"alignright size-medium wp-image-105\" title=\"lavando ropa\" src=\"http:\/\/www.andoafricando.com\/wp-content\/uploads\/2012\/03\/DSC_0136-200x300.jpg\" alt=\"\" width=\"200\" height=\"300\" srcset=\"https:\/\/andoafricando.com\/wp-content\/uploads\/2012\/03\/DSC_0136-200x300.jpg 200w, https:\/\/andoafricando.com\/wp-content\/uploads\/2012\/03\/DSC_0136-685x1024.jpg 685w, https:\/\/andoafricando.com\/wp-content\/uploads\/2012\/03\/DSC_0136.jpg 1296w\" sizes=\"auto, (max-width: 200px) 100vw, 200px\" \/><\/a>Por la pared de la roca de la que mana el agua hay una especie de sendero que los escaladores llamar\u00edan v\u00eda hacia la cima. Hay gente que vive en un pueblo cercano al que s\u00f3lo se puede acceder por esa senda. Seg\u00fan Hamed las gentes de ese poblado pasan por esta v\u00eda cada d\u00eda y adem\u00e1s lo hacen cargados con sacos y material para abastecer al poblado. Doy m\u00e1s cr\u00e9dito a esta narraci\u00f3n de Hamed que a la del cocodrilo y sin embargo me parece igualmente incre\u00edble. Tuvimos la fortuna de ver a dos hombres del pueblo lavar los \u201cbubus\u201d \u00a0en el r\u00edo. Primero los remojan en jab\u00f3n y luego los golpean contra una roca. Cuando o\u00edmos los primeros golpes nos parecieron disparos. Golpean la ropa contra la roca con\u00a0gran violencia y la ac\u00fastica del lugar, rodeado de paredes cortadas de piedra, hace el resto.<\/p>\n<p style=\"text-align: justify;\"><a href=\"http:\/\/www.andoafricando.com\/2012\/03\/01\/de-nuakchot-a-kiffa\/imgp5964\/\" rel=\"attachment wp-att-109\"><img loading=\"lazy\" decoding=\"async\" class=\"alignleft size-medium wp-image-109\" title=\"ruta\" src=\"http:\/\/www.andoafricando.com\/wp-content\/uploads\/2012\/03\/IMGP5964-300x225.jpg\" alt=\"todoterreno\" width=\"300\" height=\"225\" srcset=\"https:\/\/andoafricando.com\/wp-content\/uploads\/2012\/03\/IMGP5964-300x225.jpg 300w, https:\/\/andoafricando.com\/wp-content\/uploads\/2012\/03\/IMGP5964-400x300.jpg 400w, https:\/\/andoafricando.com\/wp-content\/uploads\/2012\/03\/IMGP5964.jpg 640w\" sizes=\"auto, (max-width: 300px) 100vw, 300px\" \/><\/a>Despu\u00e9s de esta visita al \u201clago del cocodrilo\u201d, nos despedimos de Hamed que insisti\u00f3 en que pas\u00e1ramos por all\u00ed si alguna vez volv\u00edamos a estar por la zona, y seguimos camino hacia Kiffa. En Kiffa nos quedamos en casa de un amigo de la infancia de un compa\u00f1ero de Ana Berta de la oficina de Nuakchot; Mohamed Vall. Lo primero que nos ha dicho Mohamed al llegar es que estamos en nuestra casa. Nos hemos dado una ducha reparadora y nos han invitado al \u201cmeshui\u201d de rigor antes de acompa\u00f1arnos a visitar el pueblo. En esas estamos en estos momentos y mientras Mohamed va al mercado, Ana Berta se echa una siesta mauritana y Nerea intenta digerir el fest\u00edn de cordero que la han obligado a comerse, yo escribo est\u00e1s l\u00edneas que colgar\u00e9 en el blog en cuanto encuentre conexi\u00f3n a Internet.<\/p>\n<p style=\"text-align: justify;\"><a href=\"http:\/\/www.andoafricando.com\/2012\/03\/01\/de-nuakchot-a-kiffa\/dsc_0104\/\" rel=\"attachment wp-att-110\"><img loading=\"lazy\" decoding=\"async\" class=\"alignleft size-medium wp-image-110\" title=\"mauritania\" src=\"http:\/\/www.andoafricando.com\/wp-content\/uploads\/2012\/03\/DSC_0104-300x200.jpg\" alt=\"mauritanos\" width=\"300\" height=\"200\" srcset=\"https:\/\/andoafricando.com\/wp-content\/uploads\/2012\/03\/DSC_0104-300x200.jpg 300w, https:\/\/andoafricando.com\/wp-content\/uploads\/2012\/03\/DSC_0104-1024x685.jpg 1024w, https:\/\/andoafricando.com\/wp-content\/uploads\/2012\/03\/DSC_0104-448x300.jpg 448w, https:\/\/andoafricando.com\/wp-content\/uploads\/2012\/03\/DSC_0104.jpg 1936w\" sizes=\"auto, (max-width: 300px) 100vw, 300px\" \/><\/a>Hoy es el d\u00eda de colgarlo aunque se escribi\u00f3 hace ya varios d\u00edas. No ha sido posible subir contenido antes y estamos ya en Bamako con lo que hay un par de historias m\u00e1s para subir entre hoy y ma\u00f1ana. Permanezcan atentos a sus pantallas&#8230;<\/p>\n<p style=\"text-align: justify;\">Por petici\u00f3n popular os dejo el enlace al picasa de Pablo para que pod\u00e1is ver las fotos del puerto de Nuakchot al detalle: <a href=\"https:\/\/picasaweb.google.com\/118054022848204819587\/MarchePoissonNKT?authkey=Gv1sRgCIy2oobXo5vPlQE\" target=\"_blank\">https:\/\/picasaweb.google.com\/118054022848204819587\/MarchePoissonNKT?authkey=Gv1sRgCIy2oobXo5vPlQE<\/a>#<\/p>\n","protected":false},"excerpt":{"rendered":"<p>Despu\u00e9s de una semana de\u00a0 visitas y despedidas en Nuakchot, salimos ayer con destino Bamako en Mali. Han sido unos d\u00edas de preparativos y reuniones con amigos, para ultimar los detalles\u00a0del viaje y decir hasta luego a los buenos amigos que dejamos en Mauritania. Nos veremos en unos meses, a la vuelta del viaje por &hellip; <a href=\"https:\/\/www.andoafricando.com\/?p=99\" class=\"more-link\">Continue reading <span class=\"screen-reader-text\">De Nuakchot a Kiffa<\/span><\/a><\/p>\n","protected":false},"author":1,"featured_media":0,"comment_status":"open","ping_status":"open","sticky":false,"template":"","format":"standard","meta":{"jetpack_post_was_ever_published":false,"_jetpack_newsletter_access":"","_jetpack_dont_email_post_to_subs":false,"_jetpack_newsletter_tier_id":0,"_jetpack_memberships_contains_paywalled_content":false,"_jetpack_memberships_contains_paid_content":false,"footnotes":"","jetpack_publicize_message":"","jetpack_publicize_feature_enabled":true,"jetpack_social_post_already_shared":false,"jetpack_social_options":{"image_generator_settings":{"template":"highway","enabled":false},"version":2}},"categories":[3],"tags":[21,19,15,20,6],"class_list":["post-99","post","type-post","status-publish","format-standard","hentry","category-mauritania","tag-carretera","tag-kiffa","tag-nuakchot","tag-todoterreno","tag-viaje-por-africa"],"jetpack_publicize_connections":[],"jetpack_featured_media_url":"","jetpack_sharing_enabled":true,"jetpack_shortlink":"https:\/\/wp.me\/p29EsV-1B","_links":{"self":[{"href":"https:\/\/www.andoafricando.com\/index.php?rest_route=\/wp\/v2\/posts\/99","targetHints":{"allow":["GET"]}}],"collection":[{"href":"https:\/\/www.andoafricando.com\/index.php?rest_route=\/wp\/v2\/posts"}],"about":[{"href":"https:\/\/www.andoafricando.com\/index.php?rest_route=\/wp\/v2\/types\/post"}],"author":[{"embeddable":true,"href":"https:\/\/www.andoafricando.com\/index.php?rest_route=\/wp\/v2\/users\/1"}],"replies":[{"embeddable":true,"href":"https:\/\/www.andoafricando.com\/index.php?rest_route=%2Fwp%2Fv2%2Fcomments&post=99"}],"version-history":[{"count":13,"href":"https:\/\/www.andoafricando.com\/index.php?rest_route=\/wp\/v2\/posts\/99\/revisions"}],"predecessor-version":[{"id":108,"href":"https:\/\/www.andoafricando.com\/index.php?rest_route=\/wp\/v2\/posts\/99\/revisions\/108"}],"wp:attachment":[{"href":"https:\/\/www.andoafricando.com\/index.php?rest_route=%2Fwp%2Fv2%2Fmedia&parent=99"}],"wp:term":[{"taxonomy":"category","embeddable":true,"href":"https:\/\/www.andoafricando.com\/index.php?rest_route=%2Fwp%2Fv2%2Fcategories&post=99"},{"taxonomy":"post_tag","embeddable":true,"href":"https:\/\/www.andoafricando.com\/index.php?rest_route=%2Fwp%2Fv2%2Ftags&post=99"}],"curies":[{"name":"wp","href":"https:\/\/api.w.org\/{rel}","templated":true}]}}